{"id":3690,"date":"2019-09-04T22:20:39","date_gmt":"2019-09-05T03:20:39","guid":{"rendered":"http:\/\/www.zonaroja.com.mx\/?p=3690"},"modified":"2019-09-04T22:20:42","modified_gmt":"2019-09-05T03:20:42","slug":"vinculan-a-otro-proceso-a-dirigente-de-sindicato-de-salud-en-oaxaca","status":"publish","type":"post","link":"https:\/\/zonaroja.com.mx\/?p=3690","title":{"rendered":"Vinculan a otro proceso a dirigente de sindicato de Salud en Oaxaca"},"content":{"rendered":"\n<p>Redacci\u00f3n\/Zona\nRoja.<\/p>\n\n\n\n<p>Oaxaca de\nJu\u00e1rez, Oax., 4 de septiembre de 2019.- El Poder Judicial de Oaxaca vincul\u00f3 a un\nsegundo proceso al dirigente de la Secci\u00f3n 9 del Sindicato Independiente de\nTrabajadores de la Secretar\u00eda de Salud, Genaro Villalobos S\u00e1nchez, aunque ser\u00e1\nen libertad.<\/p>\n\n\n\n<p>La Fiscal\u00eda\nGeneral del Estado de Oaxaca (FGEO) inform\u00f3 que es por su probable\nresponsabilidad en la comisi\u00f3n de los delitos de abuso de autoridad y de\ncoalici\u00f3n de servidores p\u00fablicos en agravio de los Servicios de Salud de Oaxaca\n(SSO), ocurrido en el municipio de Oaxaca de Ju\u00e1rez.<\/p>\n\n\n\n<p>En un\ncomunicado, indic\u00f3 que anteriormente &#8211;17 de agosto de 2019&#8211; hab\u00eda sido\nvinculado por el Juez de Control sin imposici\u00f3n de medida cautelar, por el\ndelito de coalici\u00f3n de servidores p\u00fablicos.<\/p>\n\n\n\n<p>Detall\u00f3 que,\nde acuerdo con la causa penal 426\/2019, el pasado 26 de junio de 2019, el\nimputado se uni\u00f3 con m\u00e1s agremiados del sindicato del cual es integrante y\nbloque\u00f3 la entrada y salida de las instalaciones de los SSO, ubicadas sobre la\ncalle de Violetas, colonia Reforma, y en la calle Miguel Cabrera de la ciudad\nde Oaxaca, impidiendo que dichas dependencias brindaran servicios.<\/p>\n\n\n\n<p>En audiencia\nrealizada este 3 de septiembre de 2019, al imputado se le dict\u00f3 auto de\nvinculaci\u00f3n a proceso y un plazo de dos meses y medio para el cierre de\ninvestigaci\u00f3n, sin imposici\u00f3n de medida cautelar preventiva.<\/p>\n","protected":false},"excerpt":{"rendered":"<p>Redacci\u00f3n\/Zona Roja. Oaxaca de Ju\u00e1rez, Oax., 4 de septiembre de 2019.- El Poder Judicial de&hellip;<\/p>\n","protected":false},"author":2,"featured_media":3691,"comment_status":"closed","ping_status":"open","sticky":false,"template":"","format":"standard","meta":{"_lmt_disableupdate":"","_lmt_disable":"","_jetpack_memberships_contains_paid_content":false,"footnotes":""},"categories":[109,47],"tags":[494,572],"class_list":["post-3690","post","type-post","status-publish","format-standard","has-post-thumbnail","hentry","category-minuto-a-minuto","category-zona-gris","tag-fiscalia-general-del-estado-de-oaxaca","tag-genaro-villalobos-sanchez"],"jetpack_featured_media_url":"https:\/\/zonaroja.com.mx\/wp-content\/uploads\/2019\/09\/Genaro-Villalobos.jpg","jetpack_sharing_enabled":true,"_links":{"self":[{"href":"https:\/\/zonaroja.com.mx\/index.php?rest_route=\/wp\/v2\/posts\/3690","targetHints":{"allow":["GET"]}}],"collection":[{"href":"https:\/\/zonaroja.com.mx\/index.php?rest_route=\/wp\/v2\/posts"}],"about":[{"href":"https:\/\/zonaroja.com.mx\/index.php?rest_route=\/wp\/v2\/types\/post"}],"author":[{"embeddable":true,"href":"https:\/\/zonaroja.com.mx\/index.php?rest_route=\/wp\/v2\/users\/2"}],"replies":[{"embeddable":true,"href":"https:\/\/zonaroja.com.mx\/index.php?rest_route=%2Fwp%2Fv2%2Fcomments&post=3690"}],"version-history":[{"count":1,"href":"https:\/\/zonaroja.com.mx\/index.php?rest_route=\/wp\/v2\/posts\/3690\/revisions"}],"predecessor-version":[{"id":3692,"href":"https:\/\/zonaroja.com.mx\/index.php?rest_route=\/wp\/v2\/posts\/3690\/revisions\/3692"}],"wp:featuredmedia":[{"embeddable":true,"href":"https:\/\/zonaroja.com.mx\/index.php?rest_route=\/wp\/v2\/media\/3691"}],"wp:attachment":[{"href":"https:\/\/zonaroja.com.mx\/index.php?rest_route=%2Fwp%2Fv2%2Fmedia&parent=3690"}],"wp:term":[{"taxonomy":"category","embeddable":true,"href":"https:\/\/zonaroja.com.mx\/index.php?rest_route=%2Fwp%2Fv2%2Fcategories&post=3690"},{"taxonomy":"post_tag","embeddable":true,"href":"https:\/\/zonaroja.com.mx\/index.php?rest_route=%2Fwp%2Fv2%2Ftags&post=3690"}],"curies":[{"name":"wp","href":"https:\/\/api.w.org\/{rel}","templated":true}]}}