{"id":36900,"date":"2022-01-27T21:32:06","date_gmt":"2022-01-28T03:32:06","guid":{"rendered":"http:\/\/www.zonaroja.com.mx\/?p=36900"},"modified":"2022-01-27T21:32:10","modified_gmt":"2022-01-28T03:32:10","slug":"en-oaxaca-frenan-precampana-a-gubernatura-de-morena-por-impugnacion-en-tribunales","status":"publish","type":"post","link":"https:\/\/zonaroja.com.mx\/?p=36900","title":{"rendered":"En Oaxaca, frenan precampa\u00f1a a gubernatura de Morena por impugnaci\u00f3n en tribunales."},"content":{"rendered":"\n<p>Redacci\u00f3n\/Zona Roja.<\/p>\n\n\n\n<p>Oaxaca de Ju\u00e1rez, Oax., 27 de enero de 2022.- A cinco meses de los comicios de junio pr\u00f3ximo para elecci\u00f3n a gobernador en Oaxaca y ante las impugnaciones en los tribunales electorales, fue detenido el proceso de precampa\u00f1as a los aspirantes de Morena.<\/p>\n\n\n\n<p>Lo anterior luego del fallo que emiti\u00f3 la Sala Superior del Tribunal Electoral del Poder Judicial de la Federaci\u00f3n (TEPJF) que resolvi\u00f3 detener todas las actividades proselitistas en Morena hasta que se resuelva la impugnaci\u00f3n que hizo valer la aspirante Susana Harp contra el proceso de selecci\u00f3n interna del candidato del partido a la gubernatura.<\/p>\n\n\n\n<p>La Sala Superior calific\u00f3 en el expediente SUP-RAP 1\/2022 y acumulado como improcedente la impugnaci\u00f3n presentada por Morena y el aspirante Salom\u00f3n Jara Cruz para que \u00e9ste pueda iniciar precampa\u00f1a como candidato \u00fanico a la gubernatura de Oaxaca.<\/p>\n\n\n\n<p>El \u00f3rgano jurisdiccional resolvi\u00f3 que el aspirante a la gubernatura tendr\u00e1 que encauzar su inconformidad al Tribunal estatal, el cual desde hace unas semanas resolvi\u00f3 que existen malversaciones legales que imposibilitan que Jara Cruz pueda iniciar precampa\u00f1a en Oaxaca como precandidato \u00fanico por parte de Morena.<\/p>\n\n\n\n<p>Seg\u00fan el fallo, hasta que no se resuelva la situaci\u00f3n jur\u00eddica, Jara queda imposibilitado a dirigirse al electorado como precandidato.<\/p>\n\n\n\n<p>A esto se agregan al menos 374 expedientes por actos anticipados de campa\u00f1a en Oaxaca, en donde figura Salom\u00f3n Jara Cruz como principal transgresor.<\/p>\n\n\n\n<p>Mientras tanto Susana Harp, la otra aspirante a la gubernatura de Oaxaca, por mandato del TEPJF, tendr\u00e1 que reiniciar su demanda contra el proceso interno en Morena en el Tribunal Electoral Estatal, donde har\u00e1 valer su reclamos para valer la equidad de g\u00e9nero en la designaci\u00f3n del precandidato al gobierno de Oaxaca.<\/p>\n\n\n\n<p>Susana Harp, inicialmente solicit\u00f3 ante la Comisi\u00f3n de Honestidad y Justicia de Morena, revisar el proceso como fue electo el \u00fanico aspirante a la gubernatura; argument\u00f3 que este se realiz\u00f3 de forma desaseada y no se respet\u00f3 la equidad de g\u00e9nero, ni la realidad en las encuestas.<\/p>\n\n\n\n<p>Sin embargo, el \u00f3rgano interno de Morena desech\u00f3 el recurso de Susana Harp, que acudi\u00f3 a la sala superior del TEPJF, donde su caso se turn\u00f3 y reencauzo al tribunal Estatal Electoral en Oaxaca para que pueda salvaguardar sus derechos pol\u00edticos.<\/p>\n","protected":false},"excerpt":{"rendered":"<p>Redacci\u00f3n\/Zona Roja. Oaxaca de Ju\u00e1rez, Oax., 27 de enero de 2022.- A cinco meses de&hellip;<\/p>\n","protected":false},"author":2,"featured_media":36901,"comment_status":"closed","ping_status":"open","sticky":false,"template":"","format":"standard","meta":{"_lmt_disableupdate":"","_lmt_disable":"","_jetpack_memberships_contains_paid_content":false,"footnotes":""},"categories":[109,47],"tags":[2136,871],"class_list":["post-36900","post","type-post","status-publish","format-standard","has-post-thumbnail","hentry","category-minuto-a-minuto","category-zona-gris","tag-mario-delgado-carrillo","tag-partido-morena-oaxaca"],"jetpack_featured_media_url":"https:\/\/zonaroja.com.mx\/wp-content\/uploads\/2022\/01\/Morena-Mario-delgado-en-Salina-Cruz.jpg","jetpack_sharing_enabled":true,"_links":{"self":[{"href":"https:\/\/zonaroja.com.mx\/index.php?rest_route=\/wp\/v2\/posts\/36900","targetHints":{"allow":["GET"]}}],"collection":[{"href":"https:\/\/zonaroja.com.mx\/index.php?rest_route=\/wp\/v2\/posts"}],"about":[{"href":"https:\/\/zonaroja.com.mx\/index.php?rest_route=\/wp\/v2\/types\/post"}],"author":[{"embeddable":true,"href":"https:\/\/zonaroja.com.mx\/index.php?rest_route=\/wp\/v2\/users\/2"}],"replies":[{"embeddable":true,"href":"https:\/\/zonaroja.com.mx\/index.php?rest_route=%2Fwp%2Fv2%2Fcomments&post=36900"}],"version-history":[{"count":1,"href":"https:\/\/zonaroja.com.mx\/index.php?rest_route=\/wp\/v2\/posts\/36900\/revisions"}],"predecessor-version":[{"id":36902,"href":"https:\/\/zonaroja.com.mx\/index.php?rest_route=\/wp\/v2\/posts\/36900\/revisions\/36902"}],"wp:featuredmedia":[{"embeddable":true,"href":"https:\/\/zonaroja.com.mx\/index.php?rest_route=\/wp\/v2\/media\/36901"}],"wp:attachment":[{"href":"https:\/\/zonaroja.com.mx\/index.php?rest_route=%2Fwp%2Fv2%2Fmedia&parent=36900"}],"wp:term":[{"taxonomy":"category","embeddable":true,"href":"https:\/\/zonaroja.com.mx\/index.php?rest_route=%2Fwp%2Fv2%2Fcategories&post=36900"},{"taxonomy":"post_tag","embeddable":true,"href":"https:\/\/zonaroja.com.mx\/index.php?rest_route=%2Fwp%2Fv2%2Ftags&post=36900"}],"curies":[{"name":"wp","href":"https:\/\/api.w.org\/{rel}","templated":true}]}}