{"id":36903,"date":"2022-01-27T22:12:52","date_gmt":"2022-01-28T04:12:52","guid":{"rendered":"http:\/\/www.zonaroja.com.mx\/?p=36903"},"modified":"2022-01-27T22:12:54","modified_gmt":"2022-01-28T04:12:54","slug":"recibe-seccion-35-respuesta-a-pliego-petitorio-reanudan-labores","status":"publish","type":"post","link":"https:\/\/zonaroja.com.mx\/?p=36903","title":{"rendered":"Recibe Secci\u00f3n 35 respuesta a pliego petitorio; reanudan labores"},"content":{"rendered":"\n<p>Ismael Garc\u00eda M.\/Zona Roja.<\/p>\n\n\n\n<p>Oaxaca de Ju\u00e1rez, Oax., 27 de enero de 2022.- Tras una reuni\u00f3n de trabajo hoy con el titular de los Servicios de Salud de Oaxaca (SSO), Juan Carlos M\u00e1rquez Heine, la Secci\u00f3n 35 del Sindicato Nacional de Trabajadores de Salud acord\u00f3 levantar su paro de brazos ca\u00eddos y reanudar labores.<\/p>\n\n\n\n<p>No obstante, a trav\u00e9s de un comunicado signado por Mario F\u00e9lix Pacheco, secretario General, advirti\u00f3 que de no cumplirse con lo convenido, reanudar\u00e1n las protestas ahora m\u00e1s radicales.<\/p>\n\n\n\n<p>Record\u00f3 que entre las demandas se encuentran el incumplimiento de acuerdos de mesas de trabajo, referentes a cambios de adscripci\u00f3n y procesos escalafonarios.<\/p>\n\n\n\n<p>As\u00ed como las m\u00faltiples irregularidades que se est\u00e1n llevando a cabo en el proceso de contrataci\u00f3n de personal, \u201cd\u00f3nde no se est\u00e1n respetando los lineamientos multicitados por el Instituto de Salud para el Bienestar, rompiendo con esto la justicia laboral enarbolada y exigida por esta estructura sindical\u201d.<\/p>\n\n\n\n<p>Entre los acuerdos alcanzados se encuentran, la realizaci\u00f3n de mesas de trabajo con los Servicios de Salud de Oaxaca a partir del 28 de enero al 8 de febrero del presente a\u00f1o, con la finalidad de determinar las necesidades reales de primer nivel y documentar legalmente irregularidades y observaciones respecto al personal contratado por el Insabi.<\/p>\n\n\n\n<p>As\u00ed mismo, dar a conocer en pr\u00f3xima reuni\u00f3n los resultados de dichas mesas de trabajo, a la Secretar\u00eda de Salud Federal y al Instituto de Salud para el Bienestar para trazar una ruta de soluci\u00f3n que no transgreda el derecho de los trabajadores.<\/p>\n\n\n\n<p>En relaci\u00f3n a los acuerdos sostenidos en mesas de trabajo con el titular del Ejecutivo estatal sobre los procesos escalafonarios aplazados y cambios de adscripciones, los Servicios de Salud de Oaxaca se comprometen a entregar las autorizaciones a m\u00e1s tardar el 1 de febrero todos los casos pendientes que fueron validados y minutados.<\/p>\n\n\n\n<figure class=\"wp-block-embed is-type-rich is-provider-twitter wp-block-embed-twitter\"><div class=\"wp-block-embed__wrapper\">\n<div class=\"twitter-tweet\"><blockquote class=\"twitter-tweet\" data-lang=\"es\"><p lang=\"es\" dir=\"ltr\"><a href=\"https:\/\/twitter.com\/hashtag\/%C3%9AltimoMinuto?src=hash&amp;ref_src=twsrc%5Etfw\">#\u00daltimoMinuto<\/a> <br>Las delegaci\u00f3n del \u00e1rea administrativa de los <a href=\"https:\/\/twitter.com\/SSO_GobOax?ref_src=twsrc%5Etfw\">@SSO_GobOax<\/a>, en la colonia Reforma de la capital, informa sobre el paro de labores hoy. <br>Indica que entre otras demandas est\u00e1 la renuncia de <a href=\"https:\/\/twitter.com\/JC_MarquezH?ref_src=twsrc%5Etfw\">@JC_MarquezH<\/a>. <a href=\"https:\/\/t.co\/7ToQI6oPbp\">pic.twitter.com\/7ToQI6oPbp<\/a><\/p>&mdash; Zona Roja Oaxaca (@Zona_Roja_Oax) <a href=\"https:\/\/twitter.com\/Zona_Roja_Oax\/status\/1486741462540857354?ref_src=twsrc%5Etfw\">27 de enero de 2022<\/a><\/blockquote><\/div>\n<\/div><\/figure>\n\n\n\n<p>Adem\u00e1s, los Servicios de salud de Oaxaca precisan que dar\u00e1n a conocer el estatus legal en la que se encuentran 46 plazas que fueron entregadas de manera irregular<\/p>\n\n\n\n<p>En relaci\u00f3n a la contrataci\u00f3n de personal para segundo nivel, se solicitar\u00e1 a la federaci\u00f3n se vuelva a revisar las necesidades en coordinaci\u00f3n con los Servicios de Salud de Oaxaca y la estructura de la Secci\u00f3n 35.<\/p>\n\n\n\n<p>\u201cEn vista que los nombramientos que se est\u00e1n otorgando en las nuevas contrataciones se encuentran asignados hasta turnos, manifestamos que independientemente que modifican la din\u00e1mica laboral en cada uno de los centros de trabajo, vulneran lo consagrado en las condiciones generales de trabajo, afectando el derecho de antig\u00fcedad de los trabajadores y peor aun generando conflictos particulares.<\/p>\n\n\n\n<p>\u201cEsta dirigencia ha solicitado, ante la Federaci\u00f3n y los Servicios de Salud de Oaxaca, que la asignaci\u00f3n de turnos se aplique de acuerdo a las necesidades propias de cada unidad de trabajo, respetando y haciendo valer el art\u00edculo 130 fracci\u00f3n I de las Condiciones Generales de Trabajo Vigentes.<\/p>\n\n\n\n<p>Mientras que ante la falta de insumos, material y equipo de protecci\u00f3n para la atenci\u00f3n Covid-19, las autoridades se comprometen a que, a partir del d\u00eda de hoy, iniciar con la distribuci\u00f3n en las diferentes Jurisdicciones sanitarias.<\/p>\n\n\n\n<p>Precisa que \u201cen caso de no recibir soluciones concretas en los tiempos establecidos y posterior a las reuniones con las autoridades, se radicalizar\u00e1n las acciones, hasta lograr nuestros objetivos\u201d.<\/p>\n","protected":false},"excerpt":{"rendered":"<p>Ismael Garc\u00eda M.\/Zona Roja. Oaxaca de Ju\u00e1rez, Oax., 27 de enero de 2022.- Tras una&hellip;<\/p>\n","protected":false},"author":2,"featured_media":36904,"comment_status":"closed","ping_status":"open","sticky":false,"template":"","format":"standard","meta":{"_lmt_disableupdate":"","_lmt_disable":"","_jetpack_memberships_contains_paid_content":false,"footnotes":""},"categories":[109,47],"tags":[1653],"class_list":["post-36903","post","type-post","status-publish","format-standard","has-post-thumbnail","hentry","category-minuto-a-minuto","category-zona-gris","tag-seccion-35-sindicato-nacional-de-trabajadores-de-la-secretaria-de-salud"],"jetpack_featured_media_url":"https:\/\/zonaroja.com.mx\/wp-content\/uploads\/2022\/01\/Comunicado-Seccion-35-SSO.jpg","jetpack_sharing_enabled":true,"_links":{"self":[{"href":"https:\/\/zonaroja.com.mx\/index.php?rest_route=\/wp\/v2\/posts\/36903","targetHints":{"allow":["GET"]}}],"collection":[{"href":"https:\/\/zonaroja.com.mx\/index.php?rest_route=\/wp\/v2\/posts"}],"about":[{"href":"https:\/\/zonaroja.com.mx\/index.php?rest_route=\/wp\/v2\/types\/post"}],"author":[{"embeddable":true,"href":"https:\/\/zonaroja.com.mx\/index.php?rest_route=\/wp\/v2\/users\/2"}],"replies":[{"embeddable":true,"href":"https:\/\/zonaroja.com.mx\/index.php?rest_route=%2Fwp%2Fv2%2Fcomments&post=36903"}],"version-history":[{"count":1,"href":"https:\/\/zonaroja.com.mx\/index.php?rest_route=\/wp\/v2\/posts\/36903\/revisions"}],"predecessor-version":[{"id":36905,"href":"https:\/\/zonaroja.com.mx\/index.php?rest_route=\/wp\/v2\/posts\/36903\/revisions\/36905"}],"wp:featuredmedia":[{"embeddable":true,"href":"https:\/\/zonaroja.com.mx\/index.php?rest_route=\/wp\/v2\/media\/36904"}],"wp:attachment":[{"href":"https:\/\/zonaroja.com.mx\/index.php?rest_route=%2Fwp%2Fv2%2Fmedia&parent=36903"}],"wp:term":[{"taxonomy":"category","embeddable":true,"href":"https:\/\/zonaroja.com.mx\/index.php?rest_route=%2Fwp%2Fv2%2Fcategories&post=36903"},{"taxonomy":"post_tag","embeddable":true,"href":"https:\/\/zonaroja.com.mx\/index.php?rest_route=%2Fwp%2Fv2%2Ftags&post=36903"}],"curies":[{"name":"wp","href":"https:\/\/api.w.org\/{rel}","templated":true}]}}