{"id":36916,"date":"2022-01-28T08:30:14","date_gmt":"2022-01-28T14:30:14","guid":{"rendered":"http:\/\/www.zonaroja.com.mx\/?p=36916"},"modified":"2022-01-28T08:30:17","modified_gmt":"2022-01-28T14:30:17","slug":"los-alimentos-se-encarecieron-de-manera-inedita-durante-el-2021","status":"publish","type":"post","link":"https:\/\/zonaroja.com.mx\/?p=36916","title":{"rendered":"Los alimentos se encarecieron de manera in\u00e9dita durante el 2021"},"content":{"rendered":"\n<p>Redacci\u00f3n\/Zona Roja Cdmx.<\/p>\n\n\n\n<p>Ciudad de M\u00e9xico, 28 de enero de 2022.- El tomate, el lim\u00f3n y el chile serrano encabezaron la lista de los alimentos b\u00e1sicos en la canasta mexicana que m\u00e1s incrementaron su nivel de precios durante el 2021.<\/p>\n\n\n\n<p>Con alzas de casi 100%, la cesta alimentaria es uno de los rubros que m\u00e1s presiones ejerce en la tasa de inflaci\u00f3n general, refiere un an\u00e1lisis del diario \u201cEl Economista\u201d.<\/p>\n\n\n\n<p>Al cierre del 2021, el precio de los alimentos en M\u00e9xico fue uno de los conceptos que m\u00e1s golpe\u00f3 el bolsillo de los consumidores. Significativamente por encima de la tasa de inflaci\u00f3n nacional que cerr\u00f3 el a\u00f1o en 7.4%, algunos productos como el tomate, el lim\u00f3n, el chile serrano, el jitomate, la manteca y la cebolla, alcanzaron encarecimientos de doble d\u00edgito durante este a\u00f1o.<\/p>\n\n\n\n<p>Esto se alinea con la tendencia global de incremento generalizado en los alimentos a escala mundial; los expertos esperan que durante 2022 todav\u00eda se enfrenten algunas presiones en el nivel de precios de los alimentos<\/p>\n\n\n\n<p>De acuerdo con el an\u00e1lisis del diario \u201cEl Economista\u201d, destacan, por ejemplo, el incremento del precio del tomate verde, que alcanz\u00f3 el 91.1 por ciento.<\/p>\n\n\n\n<p>El lim\u00f3n se alz\u00f3 hasta un 90.1%; el chile serrano, 68%; el jitomate, 49.9%; el aguacate, 44%; la manteca, 39%; la cebolla, 29.8%; la guayaba, 24.5%; la manzana 23% y el mel\u00f3n 20.6%.<\/p>\n","protected":false},"excerpt":{"rendered":"<p>Redacci\u00f3n\/Zona Roja Cdmx. Ciudad de M\u00e9xico, 28 de enero de 2022.- El tomate, el lim\u00f3n&hellip;<\/p>\n","protected":false},"author":2,"featured_media":36917,"comment_status":"closed","ping_status":"open","sticky":false,"template":"","format":"standard","meta":{"_lmt_disableupdate":"","_lmt_disable":"","_jetpack_memberships_contains_paid_content":false,"footnotes":""},"categories":[109,47],"tags":[],"class_list":["post-36916","post","type-post","status-publish","format-standard","has-post-thumbnail","hentry","category-minuto-a-minuto","category-zona-gris"],"jetpack_featured_media_url":"https:\/\/zonaroja.com.mx\/wp-content\/uploads\/2022\/01\/Mercado-frutas-y-verduras-scaled.jpg","jetpack_sharing_enabled":true,"_links":{"self":[{"href":"https:\/\/zonaroja.com.mx\/index.php?rest_route=\/wp\/v2\/posts\/36916","targetHints":{"allow":["GET"]}}],"collection":[{"href":"https:\/\/zonaroja.com.mx\/index.php?rest_route=\/wp\/v2\/posts"}],"about":[{"href":"https:\/\/zonaroja.com.mx\/index.php?rest_route=\/wp\/v2\/types\/post"}],"author":[{"embeddable":true,"href":"https:\/\/zonaroja.com.mx\/index.php?rest_route=\/wp\/v2\/users\/2"}],"replies":[{"embeddable":true,"href":"https:\/\/zonaroja.com.mx\/index.php?rest_route=%2Fwp%2Fv2%2Fcomments&post=36916"}],"version-history":[{"count":1,"href":"https:\/\/zonaroja.com.mx\/index.php?rest_route=\/wp\/v2\/posts\/36916\/revisions"}],"predecessor-version":[{"id":36918,"href":"https:\/\/zonaroja.com.mx\/index.php?rest_route=\/wp\/v2\/posts\/36916\/revisions\/36918"}],"wp:featuredmedia":[{"embeddable":true,"href":"https:\/\/zonaroja.com.mx\/index.php?rest_route=\/wp\/v2\/media\/36917"}],"wp:attachment":[{"href":"https:\/\/zonaroja.com.mx\/index.php?rest_route=%2Fwp%2Fv2%2Fmedia&parent=36916"}],"wp:term":[{"taxonomy":"category","embeddable":true,"href":"https:\/\/zonaroja.com.mx\/index.php?rest_route=%2Fwp%2Fv2%2Fcategories&post=36916"},{"taxonomy":"post_tag","embeddable":true,"href":"https:\/\/zonaroja.com.mx\/index.php?rest_route=%2Fwp%2Fv2%2Ftags&post=36916"}],"curies":[{"name":"wp","href":"https:\/\/api.w.org\/{rel}","templated":true}]}}