{"id":36919,"date":"2022-01-28T08:34:49","date_gmt":"2022-01-28T14:34:49","guid":{"rendered":"http:\/\/www.zonaroja.com.mx\/?p=36919"},"modified":"2022-01-28T08:34:53","modified_gmt":"2022-01-28T14:34:53","slug":"vence-gobernador-de-veracruz-a-monreal-desecha-senado-comision","status":"publish","type":"post","link":"https:\/\/zonaroja.com.mx\/?p=36919","title":{"rendered":"Vence gobernador de Veracruz a Monreal; desecha Senado comisi\u00f3n"},"content":{"rendered":"\n<p>Redacci\u00f3n\/Zona Roja Cdmx.<\/p>\n\n\n\n<p>Ciudad de M\u00e9xico, 28 de enero de 2022.- La Junta de Coordinaci\u00f3n Pol\u00edtica del Senado cedi\u00f3 ante la presi\u00f3n de 31 legisladores de Morena y acordaron desaparecer la comisi\u00f3n especial para determinar la existencia de abusos de autoridad y violaciones al estado de Derecho en Veracruz.&nbsp;<\/p>\n\n\n\n<p>En reuni\u00f3n privada, los l\u00edderes de los grupos parlamentarios definieron cerrar los trabajos, debido a que poco m\u00e1s de la mitad de la bancada de Morena (ligada al ala radical del partido) rechaza su continuidad, bajo el argumento de que es un mecanismo para golpear pol\u00edticamente al gobernador Cuitl\u00e1huac Garc\u00eda.<\/p>\n\n\n\n<p>\u201cLa Comisi\u00f3n Especial de Veracruz da por concluido su objetivo, referido en el resolutivo segundo del Acuerdo de la Junta de Coordinaci\u00f3n Pol\u00edtica por el que se crea una Comisi\u00f3n Especial\u201d, indica el acuerdo.<\/p>\n\n\n\n<p>Antes de concluir, el senador de MC, Dante Delgado, present\u00f3 un informe en el que se documentan m\u00e1s de 90 casos de abuso de autoridad del gobierno de Veracruz.<\/p>\n\n\n\n<p>Los expedientes fueron enviados a la Comisi\u00f3n Nacional de Derechos Humanos (CNDH) y a la Comisi\u00f3n de Gobernaci\u00f3n del Senado para el acompa\u00f1amiento a las v\u00edctimas y que se garantice el respeto a los derechos humanos.<\/p>\n\n\n\n<p>El coordinador de Morena, Ricardo Monreal, reconoci\u00f3 que su bancada no puede seguir adelante en el apoyo a la comisi\u00f3n. \u201cComo responsable del grupo no me gusta que haya diferencias, y por eso me parece que el grupo no acompa\u00f1a a la decisi\u00f3n que se hab\u00eda tomado\u201d, afirm\u00f3.<\/p>\n\n\n\n<p>ENTREGAN INICIATIVA<\/p>\n\n\n\n<p>En tanto, el coordinador de MC en Veracruz, Sergio Gil Rull\u00e1n, entreg\u00f3 en Palacio de Gobierno la iniciativa para derogar el delito de ultrajes a la autoridad.<\/p>\n\n\n\n<p>Indic\u00f3 que actualmente hay mil 33 ciudadanas y ciudadanos en la c\u00e1rcel por dicho delito en esta entidad. \u201cEst\u00e1n pagando condenas injustas por cr\u00edmenes que no cometieron, en centros penitenciarios del estado\u201d, expres\u00f3.<\/p>\n\n\n\n<p>(Informaci\u00f3n de \u201cEl Heraldo de M\u00e9xico\u201d)<\/p>\n","protected":false},"excerpt":{"rendered":"<p>Redacci\u00f3n\/Zona Roja Cdmx. Ciudad de M\u00e9xico, 28 de enero de 2022.- La Junta de Coordinaci\u00f3n&hellip;<\/p>\n","protected":false},"author":2,"featured_media":36920,"comment_status":"closed","ping_status":"open","sticky":false,"template":"","format":"standard","meta":{"_lmt_disableupdate":"","_lmt_disable":"","_jetpack_memberships_contains_paid_content":false,"footnotes":""},"categories":[109,47],"tags":[583],"class_list":["post-36919","post","type-post","status-publish","format-standard","has-post-thumbnail","hentry","category-minuto-a-minuto","category-zona-gris","tag-ricardo-monreal"],"jetpack_featured_media_url":"https:\/\/zonaroja.com.mx\/wp-content\/uploads\/2022\/01\/Ricardo-Monreal-y-Cuitlahuac-Garcia.jpg","jetpack_sharing_enabled":true,"_links":{"self":[{"href":"https:\/\/zonaroja.com.mx\/index.php?rest_route=\/wp\/v2\/posts\/36919","targetHints":{"allow":["GET"]}}],"collection":[{"href":"https:\/\/zonaroja.com.mx\/index.php?rest_route=\/wp\/v2\/posts"}],"about":[{"href":"https:\/\/zonaroja.com.mx\/index.php?rest_route=\/wp\/v2\/types\/post"}],"author":[{"embeddable":true,"href":"https:\/\/zonaroja.com.mx\/index.php?rest_route=\/wp\/v2\/users\/2"}],"replies":[{"embeddable":true,"href":"https:\/\/zonaroja.com.mx\/index.php?rest_route=%2Fwp%2Fv2%2Fcomments&post=36919"}],"version-history":[{"count":1,"href":"https:\/\/zonaroja.com.mx\/index.php?rest_route=\/wp\/v2\/posts\/36919\/revisions"}],"predecessor-version":[{"id":36921,"href":"https:\/\/zonaroja.com.mx\/index.php?rest_route=\/wp\/v2\/posts\/36919\/revisions\/36921"}],"wp:featuredmedia":[{"embeddable":true,"href":"https:\/\/zonaroja.com.mx\/index.php?rest_route=\/wp\/v2\/media\/36920"}],"wp:attachment":[{"href":"https:\/\/zonaroja.com.mx\/index.php?rest_route=%2Fwp%2Fv2%2Fmedia&parent=36919"}],"wp:term":[{"taxonomy":"category","embeddable":true,"href":"https:\/\/zonaroja.com.mx\/index.php?rest_route=%2Fwp%2Fv2%2Fcategories&post=36919"},{"taxonomy":"post_tag","embeddable":true,"href":"https:\/\/zonaroja.com.mx\/index.php?rest_route=%2Fwp%2Fv2%2Ftags&post=36919"}],"curies":[{"name":"wp","href":"https:\/\/api.w.org\/{rel}","templated":true}]}}