{"id":36929,"date":"2022-01-28T16:06:34","date_gmt":"2022-01-28T22:06:34","guid":{"rendered":"https:\/\/www.zonaroja.com.mx\/?p=36929"},"modified":"2022-01-28T16:09:18","modified_gmt":"2022-01-28T22:09:18","slug":"sostiene-morena-que-no-hay-sustento-en-impugnacion-de-susana-harp","status":"publish","type":"post","link":"https:\/\/zonaroja.com.mx\/?p=36929","title":{"rendered":"Sostiene Morena que no hay sustento en impugnaci\u00f3n de Susana Harp"},"content":{"rendered":"\n<p>Yuridiana Sosa\/Zona Roja.<\/p>\n\n\n\n<p>Oaxaca de Ju\u00e1rez, Oax., 28 de enero de 2022.- El presidente nacional de Morena, Mario Delgado Carrillo, asever\u00f3 que la decisi\u00f3n sobre el candidato a la gubernatura de Oaxaca est\u00e1 dada y descart\u00f3 la legalidad del proceso de impugnaci\u00f3n que mantienen la senadora Susana Harp en la defensa de su aspiraci\u00f3n pol\u00edtica ante la designaci\u00f3n del contendiente en las elecciones.<\/p>\n\n\n\n<p>\u201cNo hay materia de la impugnaci\u00f3n, est\u00e1 todo muy claro, muy transparente; puede haber diferencias de opiniones, pero no van a tener ning\u00fan sustento legal para cambiar la decisi\u00f3n; nosotros ya le dimos vuelta a la p\u00e1gina\u201d, afirm\u00f3 el dirigente en conferencia de prensa&nbsp;este viernes&nbsp;en la capital.<\/p>\n\n\n\n<p>En su encuentro con los medios, como parte de su gira por el estado, Delgado Carrillo sostuvo la defensa transparente del proceso de las encuestas ciudadanas que el partido realiz\u00f3 en seis estados para la selecci\u00f3n de los candidatos.<\/p>\n\n\n\n<p>En el caso de Oaxaca, donde la aspirante Susana Harp se inconform\u00f3 por presuntas irregularidades que al final beneficiaron a Salom\u00f3n Jara, el dirigente dijo que la regla de paridad puede ser discutida, pero es una regla que tambi\u00e9n atiende el potencial electoral del triunfo en cada entidad.<\/p>\n\n\n\n<p>\u201c(Morena) Es un partido, no una organizaci\u00f3n, y estamos luchando para ganar elecciones\u201d, indic\u00f3 el dirigente, quien agreg\u00f3 que \u201cning\u00fan inter\u00e9s personal, ninguna aspiraci\u00f3n, ninguna persona est\u00e1 encima del proyecto, y hay que unirnos en el proyecto, se lucha por una causa, no por una encuesta\u201d.<\/p>\n\n\n\n<p>Aunque expres\u00f3 el respeto por el derecho que tienen los inconformes al utilizar la v\u00eda institucional, dijo que est\u00e1n seguros de la forma en que llevaron a cabo el proceso y \u201cvamos a defender nuestras decisiones\u201d.<\/p>\n\n\n\n<p>Sin embargo, tambi\u00e9n mostr\u00f3 su molestia ante la batalla interna de la senadora, pues agreg\u00f3 que todos los participantes en la encuesta firmaron de conformidad ante el resultado y se comprometieron a cuidar su movimiento.<\/p>\n\n\n\n<p>Al inicio del encuentro, en el que estuvieron presentes representantes y dirigentes de los partidos que integran la coalici\u00f3n \u201cJuntos hacemos historia\u201d, el presidente de Morena expres\u00f3 que \u201cla gente reconoci\u00f3 a Salm\u00f3n Jara para que sea el responsable de esta tarea (de dirigir el proceso de la cuarta transformaci\u00f3n), y quienes estamos aqu\u00ed respaldamos esa decisi\u00f3n y estamos seguros que va hacer un importante trabajo\u201d.<\/p>\n","protected":false},"excerpt":{"rendered":"<p>Yuridiana Sosa\/Zona Roja. Oaxaca de Ju\u00e1rez, Oax., 28 de enero de 2022.- El presidente nacional&hellip;<\/p>\n","protected":false},"author":2,"featured_media":36928,"comment_status":"closed","ping_status":"open","sticky":false,"template":"","format":"standard","meta":{"_lmt_disableupdate":"","_lmt_disable":"","_jetpack_memberships_contains_paid_content":false,"footnotes":""},"categories":[109,47],"tags":[],"class_list":["post-36929","post","type-post","status-publish","format-standard","has-post-thumbnail","hentry","category-minuto-a-minuto","category-zona-gris"],"jetpack_featured_media_url":"https:\/\/zonaroja.com.mx\/wp-content\/uploads\/2022\/01\/a155eea9-7553-4496-a51c-a78fee049e7e.jpg","jetpack_sharing_enabled":true,"_links":{"self":[{"href":"https:\/\/zonaroja.com.mx\/index.php?rest_route=\/wp\/v2\/posts\/36929","targetHints":{"allow":["GET"]}}],"collection":[{"href":"https:\/\/zonaroja.com.mx\/index.php?rest_route=\/wp\/v2\/posts"}],"about":[{"href":"https:\/\/zonaroja.com.mx\/index.php?rest_route=\/wp\/v2\/types\/post"}],"author":[{"embeddable":true,"href":"https:\/\/zonaroja.com.mx\/index.php?rest_route=\/wp\/v2\/users\/2"}],"replies":[{"embeddable":true,"href":"https:\/\/zonaroja.com.mx\/index.php?rest_route=%2Fwp%2Fv2%2Fcomments&post=36929"}],"version-history":[{"count":1,"href":"https:\/\/zonaroja.com.mx\/index.php?rest_route=\/wp\/v2\/posts\/36929\/revisions"}],"predecessor-version":[{"id":36930,"href":"https:\/\/zonaroja.com.mx\/index.php?rest_route=\/wp\/v2\/posts\/36929\/revisions\/36930"}],"wp:featuredmedia":[{"embeddable":true,"href":"https:\/\/zonaroja.com.mx\/index.php?rest_route=\/wp\/v2\/media\/36928"}],"wp:attachment":[{"href":"https:\/\/zonaroja.com.mx\/index.php?rest_route=%2Fwp%2Fv2%2Fmedia&parent=36929"}],"wp:term":[{"taxonomy":"category","embeddable":true,"href":"https:\/\/zonaroja.com.mx\/index.php?rest_route=%2Fwp%2Fv2%2Fcategories&post=36929"},{"taxonomy":"post_tag","embeddable":true,"href":"https:\/\/zonaroja.com.mx\/index.php?rest_route=%2Fwp%2Fv2%2Ftags&post=36929"}],"curies":[{"name":"wp","href":"https:\/\/api.w.org\/{rel}","templated":true}]}}