{"id":36934,"date":"2022-01-28T20:11:23","date_gmt":"2022-01-29T02:11:23","guid":{"rendered":"http:\/\/www.zonaroja.com.mx\/?p=36934"},"modified":"2022-01-28T20:11:25","modified_gmt":"2022-01-29T02:11:25","slug":"designan-a-nuevo-coordinador-de-la-agencia-estatal-de-investigaciones","status":"publish","type":"post","link":"https:\/\/zonaroja.com.mx\/?p=36934","title":{"rendered":"Designan a nuevo coordinador de la Agencia Estatal de Investigaciones"},"content":{"rendered":"\n<p>Redacci\u00f3n\/Zona Roja.<\/p>\n\n\n\n<p>Oaxaca de Ju\u00e1rez, Oax., 28 de enero de 2022.- Como parte del proceso de reestructuraci\u00f3n y transformaci\u00f3n Institucional, con el fin de fortalecer el sistema estatal de procuraci\u00f3n de justicia para las y los oaxaque\u00f1os, el Fiscal General del Estado, Arturo Peimbert Calvo, present\u00f3 al nuevo coordinador de la Agencia Estatal de Investigaciones (AEI), Rogelio Humberto Garc\u00eda Hern\u00e1ndez, quien releva en este mportante cargo a Jos\u00e9 Alfredo \u00c1lvarez G\u00f3mez.<\/p>\n\n\n\n<p>En su mensaje, el fiscal General, Arturo Peimbert Calvo, destac\u00f3 que este cambio estructural representa el cierre de un proceso con destacados logros y metas cumplidas, adem\u00e1s de iniciar un nuevo ciclo en esta agencia investigadora.<\/p>\n\n\n\n<p>\u201cDesde que asum\u00ed la encomienda como fiscal General del Estado, ratifiqu\u00e9 a Jos\u00e9 Alfredo \u00c1lvarez G\u00f3mez como coordinador de la AEI, debido a los resultados entregados y al compromiso y vocaci\u00f3n de trabajo que hab\u00eda mostrado; a nombre de la instituci\u00f3n que encabezo, reconozco tu trayectoria, misma que realizaste con pasi\u00f3n y orgullo en beneficio de la sociedad\u201d, expres\u00f3 Peimbert Calvo.<\/p>\n\n\n\n<p>Con ello, Jos\u00e9 Alfredo \u00c1lvarez G\u00f3mez concluye su gesti\u00f3n (junio de 2019 a enero de 2022) como coordinador de la polic\u00eda investigadora de la Fiscal\u00eda General del Estado de Oaxaca (FGEO), recibiendo de manos del fiscal General un reconocimiento por su trayectoria en la que obtuvo importantes y cumpli\u00f3 las metas trazadas en materia de seguridad y procuraci\u00f3n de justicia.<\/p>\n\n\n\n<p>Asimismo, el fiscal de Oaxaca present\u00f3 a Rogelio Humberto Garc\u00eda Hern\u00e1ndez como nuevo coordinador de la Agencia Estatal de Investigaci\u00f3n, indicando que de esta forma se inicia un nuevo ciclo en la corporaci\u00f3n por que exhort\u00f3 a los elementos, personal operativo y administrativo a respaldarlo en su nuevo encargo.<\/p>\n\n\n\n<p>Al asumir como coordinador de la AEI, Garc\u00eda Hern\u00e1ndez dirigi\u00f3 unas palabras en las que expres\u00f3 el orgullo que representa formar parte de este gran equipo de trabajo; \u201cen m\u00ed pueden reconocer a un compa\u00f1ero y las puertas estar\u00e1n abiertas al di\u00e1logo las 24 horas del d\u00eda, los siete d\u00edas de la semana; me respaldan 20 a\u00f1os de trayectoria al servicio de la ciudadan\u00eda\u201d.<\/p>\n\n\n\n<p>Durante la gesti\u00f3n de \u00c1lvarez G\u00f3mez, la AEI fue reconocida en 2019 por Impunidad Cero como la segunda mejor Agencia de Investigaci\u00f3n en materia de ejecuci\u00f3n y cumplimiento de \u00f3rdenes de aprehensi\u00f3n a nivel nacional.<\/p>\n\n\n\n<p>Asimismo, de 2019 a 2022 logr\u00f3 ejecutar tres mil 221 \u00f3rdenes de aprehensi\u00f3n y la detenci\u00f3n en flagrancia de m\u00e1s de mil 171 personas; adem\u00e1s, gracias a la comprometida labor de sus agentes investigadores localizaron a mil 659 personas reportadas como no localizadas y desaparecidas y se recuperaron mil 375 veh\u00edculos, realiz\u00e1ndose tambi\u00e9n 530 cateos.<\/p>\n\n\n\n<p>Respecto al combate a la delincuencia y criminalidad, delitos como el secuestro fueron combatidos con firmeza, logrando el recate de 47 v\u00edctimas; a su vez, se aseguraron 443 armas de fuego y m\u00e1s de 11 mil cartuchos de diversos calibres.<\/p>\n\n\n\n<p>El nuevo coordinador de la AEI, Rogelio Humberto Garc\u00eda Hern\u00e1ndez, es Licenciado en Criminolog\u00eda por la Universidad Aut\u00f3noma de Tamaulipas y cuenta con una trayectoria de m\u00e1s de 20 a\u00f1os, en las que ha ocupado diferentes cargos en la Secretar\u00eda de Seguridad P\u00fablica Federal y de la extinta Procuradur\u00eda General de la Rep\u00fablica.<\/p>\n\n\n\n<p>La Fiscal\u00eda General da continuidad a su proceso de reestructuraci\u00f3n Institucional, a fin de brindar a la sociedad oaxaque\u00f1a un servicio acorde a sus necesidades, garantizando justicia y transparencia.<\/p>\n\n\n\n<p>(Comunicado)<\/p>\n","protected":false},"excerpt":{"rendered":"<p>Redacci\u00f3n\/Zona Roja. Oaxaca de Ju\u00e1rez, Oax., 28 de enero de 2022.- Como parte del proceso&hellip;<\/p>\n","protected":false},"author":2,"featured_media":36935,"comment_status":"closed","ping_status":"open","sticky":false,"template":"","format":"standard","meta":{"_lmt_disableupdate":"","_lmt_disable":"","_jetpack_memberships_contains_paid_content":false,"footnotes":""},"categories":[109,46],"tags":[494],"class_list":["post-36934","post","type-post","status-publish","format-standard","has-post-thumbnail","hentry","category-minuto-a-minuto","category-zona-blanca","tag-fiscalia-general-del-estado-de-oaxaca"],"jetpack_featured_media_url":"https:\/\/zonaroja.com.mx\/wp-content\/uploads\/2022\/01\/Fiscal-Arturo-Peimbert-coordinador-AEI.jpg","jetpack_sharing_enabled":true,"_links":{"self":[{"href":"https:\/\/zonaroja.com.mx\/index.php?rest_route=\/wp\/v2\/posts\/36934","targetHints":{"allow":["GET"]}}],"collection":[{"href":"https:\/\/zonaroja.com.mx\/index.php?rest_route=\/wp\/v2\/posts"}],"about":[{"href":"https:\/\/zonaroja.com.mx\/index.php?rest_route=\/wp\/v2\/types\/post"}],"author":[{"embeddable":true,"href":"https:\/\/zonaroja.com.mx\/index.php?rest_route=\/wp\/v2\/users\/2"}],"replies":[{"embeddable":true,"href":"https:\/\/zonaroja.com.mx\/index.php?rest_route=%2Fwp%2Fv2%2Fcomments&post=36934"}],"version-history":[{"count":1,"href":"https:\/\/zonaroja.com.mx\/index.php?rest_route=\/wp\/v2\/posts\/36934\/revisions"}],"predecessor-version":[{"id":36936,"href":"https:\/\/zonaroja.com.mx\/index.php?rest_route=\/wp\/v2\/posts\/36934\/revisions\/36936"}],"wp:featuredmedia":[{"embeddable":true,"href":"https:\/\/zonaroja.com.mx\/index.php?rest_route=\/wp\/v2\/media\/36935"}],"wp:attachment":[{"href":"https:\/\/zonaroja.com.mx\/index.php?rest_route=%2Fwp%2Fv2%2Fmedia&parent=36934"}],"wp:term":[{"taxonomy":"category","embeddable":true,"href":"https:\/\/zonaroja.com.mx\/index.php?rest_route=%2Fwp%2Fv2%2Fcategories&post=36934"},{"taxonomy":"post_tag","embeddable":true,"href":"https:\/\/zonaroja.com.mx\/index.php?rest_route=%2Fwp%2Fv2%2Ftags&post=36934"}],"curies":[{"name":"wp","href":"https:\/\/api.w.org\/{rel}","templated":true}]}}