{"id":36937,"date":"2022-01-28T21:32:39","date_gmt":"2022-01-29T03:32:39","guid":{"rendered":"http:\/\/www.zonaroja.com.mx\/?p=36937"},"modified":"2022-01-28T21:32:43","modified_gmt":"2022-01-29T03:32:43","slug":"confirma-tribunal-electoral-de-oaxaca-que-salomon-jara-podra-iniciar-precampana","status":"publish","type":"post","link":"https:\/\/zonaroja.com.mx\/?p=36937","title":{"rendered":"Confirma Tribunal Electoral de Oaxaca que Salom\u00f3n Jara podr\u00e1 iniciar precampa\u00f1a"},"content":{"rendered":"\n<p>Redacci\u00f3n\/Zona Roja.<\/p>\n\n\n\n<p>Oaxaca de Ju\u00e1rez, Oaxaca, a 28 de enero de 2022.- El Tribunal Electoral del Estado de Oaxaca (TEEO) resolvi\u00f3 inaplicar el numeral 3 del art\u00edculo 176 de la Ley de Instituciones y Procedimientos Electorales del Estado de Oaxaca (LIPEEO).<\/p>\n\n\n\n<p>Ello para el caso de que el Partido Morena registre o haya registrado ante el Instituto Estatal Electoral y de Participaci\u00f3n Ciudadana de Oaxaca (IEEPCO), una precandidatura \u00fanica a la gubernatura del estado de Oaxaca, inform\u00f3 el \u00f3rgano en un comunicado.<\/p>\n\n\n\n<p>Es decir, en caso de que Salom\u00f3n Jara Cruz haya sido designado precandidato a la gubernatura de Oaxaca, podr\u00e1 hacer campa\u00f1a; la designaci\u00f3n que hizo recientemente el partido a nivel nacional fue el de coordinador del Comit\u00e9 de Defensa de la Cuarta Transformaci\u00f3n.<\/p>\n\n\n\n<p>El TEEO advirti\u00f3, en el Recurso de Apelaci\u00f3n con clave: RA\/01\/2022 y los juicios acumulados JDC\/05\/2022 y JDC\/07\/2022, que, de dicha comparativa, el art\u00edculo de la LIPEEO, transgrede los derechos de asociaci\u00f3n, reuni\u00f3n y afiliaci\u00f3n, de las ciudadanas y ciudadanos registrados como precandidatos \u00fanicos, sin que se exponga motivaci\u00f3n o razonamiento alguno que justifiquen la restricci\u00f3n a los derechos humanos ya descritos.<\/p>\n\n\n\n<p>En cuanto a la sanci\u00f3n prevista por el numeral 3 del art\u00edculo 176 de la LIPEEO, refiri\u00f3 que la imposici\u00f3n autom\u00e1tica de dicha sanci\u00f3n, vulnera los derechos de audiencia, debida defensa, acceso a la justicia, entre otros, del precandidato o la precandidata de que se trate.<\/p>\n\n\n\n<p>Con esta resoluci\u00f3n, el TEEO da cumplimiento a lo ordenado por la Sala Superior del Tribunal Electoral del Poder Judicial de la Federaci\u00f3n (TEPJF), en el expediente: SUP-JRC-4\/2022 Y acumulados.<\/p>\n\n\n\n<p>VS. SUSANA<\/p>\n\n\n\n<p>Por otra parte, el pleno del Tribunal Electoral del Estado de Oaxaca, por mayor\u00eda de votos, confirm\u00f3 la resoluci\u00f3n de fecha 7 de enero de 2022, dictada por la Comisi\u00f3n Nacional de Honestidad y Justicia del partido pol\u00edtico Morena, en el expediente CNHJ-OAX-2381\/2021, mediante la cual se sobresey\u00f3 el recurso de queja presentado por Susana Harp Iturribarr\u00eda, por la designaci\u00f3n de Salom\u00f3n Jara Cruz como Coordinador de Comit\u00e9s para la Defensa de la Cuarta Transformaci\u00f3n en el Estado de Oaxaca.<\/p>\n\n\n\n<p>En el juicio ciudadano identificado con la clave: JDC\/19\/2022, argument\u00f3 que los hechos y alegaciones planteadas por la actora, pretend\u00edan combatir un acto distinto al que origin\u00f3 la queja, es decir, con las nuevas alegaciones formuladas, la actora no combate por vicios propios el fallo de la Comisi\u00f3n de Honor y Justicia de Morena, sino que pretend\u00eda ahora combatir, como tal, la designaci\u00f3n de Jara Cruz, como precandidato \u00fanico a la gubernatura del estado de Oaxaca por Morena, en el actual proceso electoral ordinario 2021-2022;&nbsp; acto totalmente distinto a lo se\u00f1alado en la queja que dio origen al expediente: CNHJ-OAX-2381\/2021.<\/p>\n\n\n\n<p>El Tribunal expuso que la designaci\u00f3n de Jara Cruz como precandidato \u00fanico, es el acto que realmente le podr\u00eda causar una afectaci\u00f3n a su esfera de derechos, al tenor de las nuevas alegaciones y pretensiones planteadas por la accionante, el cual ya ha sido controvertido por ella en un medio de impugnaci\u00f3n diverso al presente, tal como lo acredit\u00f3 la recurrente con la prueba superveniente que ofreci\u00f3 y le fue admitida.<\/p>\n","protected":false},"excerpt":{"rendered":"<p>Redacci\u00f3n\/Zona Roja. Oaxaca de Ju\u00e1rez, Oaxaca, a 28 de enero de 2022.- El Tribunal Electoral&hellip;<\/p>\n","protected":false},"author":2,"featured_media":32948,"comment_status":"closed","ping_status":"open","sticky":false,"template":"","format":"standard","meta":{"_lmt_disableupdate":"","_lmt_disable":"","_jetpack_memberships_contains_paid_content":false,"footnotes":""},"categories":[109,47],"tags":[2235],"class_list":["post-36937","post","type-post","status-publish","format-standard","has-post-thumbnail","hentry","category-minuto-a-minuto","category-zona-gris","tag-tribunal-electoral-del-estado-de-oaxaca-teeo"],"jetpack_featured_media_url":"https:\/\/zonaroja.com.mx\/wp-content\/uploads\/2021\/10\/Tribunal-Electoral-de-Oaxaca.jpg","jetpack_sharing_enabled":true,"_links":{"self":[{"href":"https:\/\/zonaroja.com.mx\/index.php?rest_route=\/wp\/v2\/posts\/36937","targetHints":{"allow":["GET"]}}],"collection":[{"href":"https:\/\/zonaroja.com.mx\/index.php?rest_route=\/wp\/v2\/posts"}],"about":[{"href":"https:\/\/zonaroja.com.mx\/index.php?rest_route=\/wp\/v2\/types\/post"}],"author":[{"embeddable":true,"href":"https:\/\/zonaroja.com.mx\/index.php?rest_route=\/wp\/v2\/users\/2"}],"replies":[{"embeddable":true,"href":"https:\/\/zonaroja.com.mx\/index.php?rest_route=%2Fwp%2Fv2%2Fcomments&post=36937"}],"version-history":[{"count":1,"href":"https:\/\/zonaroja.com.mx\/index.php?rest_route=\/wp\/v2\/posts\/36937\/revisions"}],"predecessor-version":[{"id":36938,"href":"https:\/\/zonaroja.com.mx\/index.php?rest_route=\/wp\/v2\/posts\/36937\/revisions\/36938"}],"wp:featuredmedia":[{"embeddable":true,"href":"https:\/\/zonaroja.com.mx\/index.php?rest_route=\/wp\/v2\/media\/32948"}],"wp:attachment":[{"href":"https:\/\/zonaroja.com.mx\/index.php?rest_route=%2Fwp%2Fv2%2Fmedia&parent=36937"}],"wp:term":[{"taxonomy":"category","embeddable":true,"href":"https:\/\/zonaroja.com.mx\/index.php?rest_route=%2Fwp%2Fv2%2Fcategories&post=36937"},{"taxonomy":"post_tag","embeddable":true,"href":"https:\/\/zonaroja.com.mx\/index.php?rest_route=%2Fwp%2Fv2%2Ftags&post=36937"}],"curies":[{"name":"wp","href":"https:\/\/api.w.org\/{rel}","templated":true}]}}