{"id":36939,"date":"2022-01-28T22:07:04","date_gmt":"2022-01-29T04:07:04","guid":{"rendered":"http:\/\/www.zonaroja.com.mx\/?p=36939"},"modified":"2022-01-28T22:07:07","modified_gmt":"2022-01-29T04:07:07","slug":"registro-oaxaca-este-viernes-7-mil-458-casos-activos-de-covid","status":"publish","type":"post","link":"https:\/\/zonaroja.com.mx\/?p=36939","title":{"rendered":"Registr\u00f3 Oaxaca este viernes 7 mil 458 casos activos de Covid"},"content":{"rendered":"\n<p>Redacci\u00f3n\/Zona Roja.<\/p>\n\n\n\n<p>Oaxaca de Ju\u00e1rez, Oax. 28 de enero de 2022.- Oaxaca registr\u00f3 nuevamente un alza en el n\u00famero de contagios diarios y casos activos, tras alcanzar la cifra de mil 046 personas que dieron positivo al Covid-19 en las \u00faltimas 24 horas, para acumular un total de siete mil 458 pacientes con la enfermedad en etapa activa en 221 municipios, as\u00ed lo informaron los Servicios de Salud de Oaxaca (SSO).<\/p>\n\n\n\n<p>Con base en el reporte diario de la instituci\u00f3n, tambi\u00e9n se notificaron siete nuevas defunciones, para un acumulado de cinco mil 734 en lo que va de la pandemia; dos mil 549 corresponden a Valles Centrales, mil 217 al Istmo, 576 a Tuxtepec, 480 a la Costa, 587 a la Mixteca y 325 a la Sierra.<\/p>\n\n\n\n<p>As\u00ed tambi\u00e9n, hay un total de 86 mil 202 personas que se han recuperado de la patolog\u00eda viral, aunado a ello, suman este d\u00eda 76 mil 874 las notificaciones negativas, seis mil 319 pertenecen a sospechosos y se tiene un global de 99 mil 394 casos confirmados al SARS-CoV-2 desde el pasado marzo del 2020.<\/p>\n\n\n\n<p>Respecto a los siete mil 458 casos activos, cuatro mil 428 pertenecen a pobladores de Valles Centrales, mil 156 del Istmo, 778 de Tuxtepec, 532 de la Costa, 382 de la Mixteca y 182 de la Sierra.<\/p>\n\n\n\n<figure class=\"wp-block-embed is-type-rich is-provider-twitter wp-block-embed-twitter\"><div class=\"wp-block-embed__wrapper\">\n<div class=\"twitter-tweet\"><blockquote class=\"twitter-tweet\" data-lang=\"es\"><p lang=\"es\" dir=\"ltr\"><a href=\"https:\/\/twitter.com\/hashtag\/%C3%9AltimoMinuto?src=hash&amp;ref_src=twsrc%5Etfw\">#\u00daltimoMinuto<\/a><a href=\"https:\/\/twitter.com\/hashtag\/Oaxaca?src=hash&amp;ref_src=twsrc%5Etfw\">#Oaxaca<\/a> registr\u00f3 este viernes 1 mil 46 casos positivos a Covid; 7 decesos y 7 mil 458 casos activos.<br>Suman 99 mil 349 casos confirmados y 5 mil 734 fallecimientos.<br>Hay 11 nosocomios saturados; ocupaci\u00f3n hospitalaria promedio de 36.4%. <a href=\"https:\/\/t.co\/APUbonqhbz\">pic.twitter.com\/APUbonqhbz<\/a><\/p>&mdash; Zona Roja Oaxaca (@Zona_Roja_Oax) <a href=\"https:\/\/twitter.com\/Zona_Roja_Oax\/status\/1487265019398139907?ref_src=twsrc%5Etfw\">29 de enero de 2022<\/a><\/blockquote><\/div>\n<\/div><\/figure>\n\n\n\n<p>Las personas con diagn\u00f3stico positivo al coronavirus que se agregaron en las \u00faltimas 24 horas, corresponden a 106 municipios, los m\u00e1s afectado son: Oaxaca de Ju\u00e1rez con 298 casos, San Juan Bautista Valle Nacional con 80, San Juan Bautista Tuxtepec con 67, Santa Cruz Xoxocotl\u00e1n con 53, Heroica Ciudad de Huajuapan de Le\u00f3n con 49 y Santa Luc\u00eda del Camino con 37, por mencionar algunos.<\/p>\n\n\n\n<p>En lo concerniente a hospitalizaci\u00f3n, en esta jornada la ocupaci\u00f3n de camas presenta incremento de nueve ingresos nuevos, para un total de 159 personas recibiendo atenci\u00f3n especializada, hay 11 hospitales al 100% de su capacidad, sin embargo, el sector Salud presenta un 36.4% de ocupaci\u00f3n en general, es decir hay 437 camas disponibles para la poblaci\u00f3n que lo requiera.<\/p>\n\n\n\n<p>Con estos datos, Oaxaca contin\u00faa en alerta por el incremento sostenido de contagios, ante lo cual, la instituci\u00f3n reiter\u00f3 el llamado a las autoridades Municipales a vigilar y hacer cumplir los lineamentos sanitarios para coadyuvar a evitar la multiplicaci\u00f3n de contagios en sus poblaciones.<\/p>\n\n\n\n<p>La dependencia puntualiz\u00f3 que hoy m\u00e1s que nunca, es necesario trabajar conjuntamente, los tres niveles de Gobierno, sector comercial y poblaci\u00f3n en general, la prioridad clave es mantener las medidas b\u00e1sicas de prevenci\u00f3n: uso correcto de cubrebocas, evitar lugares aglomerados, salidas innecesarias, ventilaci\u00f3n en espacios cerrados, sana distancia, lavado frecuente de manos con agua y jab\u00f3n.<\/p>\n\n\n\n<p>(Comunicado)<\/p>\n","protected":false},"excerpt":{"rendered":"<p>Redacci\u00f3n\/Zona Roja. Oaxaca de Ju\u00e1rez, Oax. 28 de enero de 2022.- Oaxaca registr\u00f3 nuevamente un&hellip;<\/p>\n","protected":false},"author":2,"featured_media":36941,"comment_status":"closed","ping_status":"open","sticky":false,"template":"","format":"standard","meta":{"_lmt_disableupdate":"","_lmt_disable":"","_jetpack_memberships_contains_paid_content":false,"footnotes":""},"categories":[109,47],"tags":[1512],"class_list":["post-36939","post","type-post","status-publish","format-standard","has-post-thumbnail","hentry","category-minuto-a-minuto","category-zona-gris","tag-coronavirus-oaxaca"],"jetpack_featured_media_url":"https:\/\/zonaroja.com.mx\/wp-content\/uploads\/2022\/01\/28-de-enero-de-2022.-Comunicado-Tecnico-COVID-19.jpg","jetpack_sharing_enabled":true,"_links":{"self":[{"href":"https:\/\/zonaroja.com.mx\/index.php?rest_route=\/wp\/v2\/posts\/36939","targetHints":{"allow":["GET"]}}],"collection":[{"href":"https:\/\/zonaroja.com.mx\/index.php?rest_route=\/wp\/v2\/posts"}],"about":[{"href":"https:\/\/zonaroja.com.mx\/index.php?rest_route=\/wp\/v2\/types\/post"}],"author":[{"embeddable":true,"href":"https:\/\/zonaroja.com.mx\/index.php?rest_route=\/wp\/v2\/users\/2"}],"replies":[{"embeddable":true,"href":"https:\/\/zonaroja.com.mx\/index.php?rest_route=%2Fwp%2Fv2%2Fcomments&post=36939"}],"version-history":[{"count":1,"href":"https:\/\/zonaroja.com.mx\/index.php?rest_route=\/wp\/v2\/posts\/36939\/revisions"}],"predecessor-version":[{"id":36942,"href":"https:\/\/zonaroja.com.mx\/index.php?rest_route=\/wp\/v2\/posts\/36939\/revisions\/36942"}],"wp:featuredmedia":[{"embeddable":true,"href":"https:\/\/zonaroja.com.mx\/index.php?rest_route=\/wp\/v2\/media\/36941"}],"wp:attachment":[{"href":"https:\/\/zonaroja.com.mx\/index.php?rest_route=%2Fwp%2Fv2%2Fmedia&parent=36939"}],"wp:term":[{"taxonomy":"category","embeddable":true,"href":"https:\/\/zonaroja.com.mx\/index.php?rest_route=%2Fwp%2Fv2%2Fcategories&post=36939"},{"taxonomy":"post_tag","embeddable":true,"href":"https:\/\/zonaroja.com.mx\/index.php?rest_route=%2Fwp%2Fv2%2Ftags&post=36939"}],"curies":[{"name":"wp","href":"https:\/\/api.w.org\/{rel}","templated":true}]}}