{"id":36943,"date":"2022-01-29T07:02:42","date_gmt":"2022-01-29T13:02:42","guid":{"rendered":"http:\/\/www.zonaroja.com.mx\/?p=36943"},"modified":"2022-01-29T07:02:44","modified_gmt":"2022-01-29T13:02:44","slug":"suma-valeria-nogales-triunfos-en-karate-representando-a-oaxaca","status":"publish","type":"post","link":"https:\/\/zonaroja.com.mx\/?p=36943","title":{"rendered":"Suma Valeria Nogales triunfos en Karate representando a Oaxaca"},"content":{"rendered":"\n<p>Yuridiana Sosa\/Zona Roja.<\/p>\n\n\n\n<p>Oaxaca de Ju\u00e1rez, Oax., 29 de enero 2021.- La deportista oaxaque\u00f1a Valeria Nogales Gin\u00e9s contin\u00faa sumando triunfos en su carrera deportiva en Karate do, al obtener medalla de plata y bronce en el reciente Selectivo Nacional de Karate, rumbo al Campeonato Centroamericano 2022, del pasado 24 de enero.<\/p>\n\n\n\n<p>En este encuentro realizado en Acapulco, Guerrero, la joven oaxaque\u00f1a gan\u00f3 la presea de plata en Kumite femenil U-21+68 kilogramos y la de bronce en Kumite femenil categor\u00eda senior+68 kilogramos, lo cual es el resultado de un trabajo constante.<\/p>\n\n\n\n<p>Valeria Nogales Gin\u00e9s, actualmente tambi\u00e9n estudiante en la escuela de Ingenier\u00eda de la Universidad An\u00e1huac Oaxaca, comenz\u00f3 su carrera deportiva en esta disciplina desde los seis a\u00f1os de edad, participado en diferentes torneos nacionales organizados por la Federaci\u00f3n Mexicana de Karate Do, (Femeka), entre otras organizaciones.<\/p>\n\n\n\n<p>Las competencias y triunfos son una constante en su vida como atleta, en la que se cuenta el Campeonato Nacional Universitario de Karate 2021, convocado por el Consejo Nacional del Deporte Estudiantil (CONDDE), realizado en noviembre pasado, en el que gan\u00f3 la medalla de bronce.<\/p>\n\n\n\n<p>Entre otras tantas representaciones importantes, Valeria Nogales, form\u00f3 parte del equipo que represent\u00f3 a Oaxaca en el XXIX Torneo Nacional Copa Mabuni de Karate Do Shito Ryu, en noviembre del a\u00f1o 2014, en el que la categor\u00eda de femenil cintas amarillas, obtuvo el tercer lugar en kata y tercer lugar en Kumite.<\/p>\n","protected":false},"excerpt":{"rendered":"<p>Yuridiana Sosa\/Zona Roja. Oaxaca de Ju\u00e1rez, Oax., 29 de enero 2021.- La deportista oaxaque\u00f1a Valeria&hellip;<\/p>\n","protected":false},"author":2,"featured_media":36944,"comment_status":"closed","ping_status":"open","sticky":false,"template":"","format":"standard","meta":{"_lmt_disableupdate":"","_lmt_disable":"","_jetpack_memberships_contains_paid_content":false,"footnotes":""},"categories":[109,46],"tags":[3013],"class_list":["post-36943","post","type-post","status-publish","format-standard","has-post-thumbnail","hentry","category-minuto-a-minuto","category-zona-blanca","tag-valeria-nogales-gines"],"jetpack_featured_media_url":"https:\/\/zonaroja.com.mx\/wp-content\/uploads\/2022\/01\/Valeria-Nogales.jpg","jetpack_sharing_enabled":true,"_links":{"self":[{"href":"https:\/\/zonaroja.com.mx\/index.php?rest_route=\/wp\/v2\/posts\/36943","targetHints":{"allow":["GET"]}}],"collection":[{"href":"https:\/\/zonaroja.com.mx\/index.php?rest_route=\/wp\/v2\/posts"}],"about":[{"href":"https:\/\/zonaroja.com.mx\/index.php?rest_route=\/wp\/v2\/types\/post"}],"author":[{"embeddable":true,"href":"https:\/\/zonaroja.com.mx\/index.php?rest_route=\/wp\/v2\/users\/2"}],"replies":[{"embeddable":true,"href":"https:\/\/zonaroja.com.mx\/index.php?rest_route=%2Fwp%2Fv2%2Fcomments&post=36943"}],"version-history":[{"count":1,"href":"https:\/\/zonaroja.com.mx\/index.php?rest_route=\/wp\/v2\/posts\/36943\/revisions"}],"predecessor-version":[{"id":36945,"href":"https:\/\/zonaroja.com.mx\/index.php?rest_route=\/wp\/v2\/posts\/36943\/revisions\/36945"}],"wp:featuredmedia":[{"embeddable":true,"href":"https:\/\/zonaroja.com.mx\/index.php?rest_route=\/wp\/v2\/media\/36944"}],"wp:attachment":[{"href":"https:\/\/zonaroja.com.mx\/index.php?rest_route=%2Fwp%2Fv2%2Fmedia&parent=36943"}],"wp:term":[{"taxonomy":"category","embeddable":true,"href":"https:\/\/zonaroja.com.mx\/index.php?rest_route=%2Fwp%2Fv2%2Fcategories&post=36943"},{"taxonomy":"post_tag","embeddable":true,"href":"https:\/\/zonaroja.com.mx\/index.php?rest_route=%2Fwp%2Fv2%2Ftags&post=36943"}],"curies":[{"name":"wp","href":"https:\/\/api.w.org\/{rel}","templated":true}]}}