{"id":36946,"date":"2022-01-29T07:19:26","date_gmt":"2022-01-29T13:19:26","guid":{"rendered":"http:\/\/www.zonaroja.com.mx\/?p=36946"},"modified":"2022-01-29T07:19:30","modified_gmt":"2022-01-29T13:19:30","slug":"convocan-poder-judicial-de-oaxaca-y-universidad-de-perugia-italia-a-maestria","status":"publish","type":"post","link":"https:\/\/zonaroja.com.mx\/?p=36946","title":{"rendered":"Convocan Poder Judicial de Oaxaca y Universidad de Perugia, Italia, a maestr\u00eda"},"content":{"rendered":"\n<p>Redacci\u00f3n\/Zona Roja.<\/p>\n\n\n\n<p>Oaxaca de Ju\u00e1rez, Oax., 29 de enero de 2022.- El Poder Judicial del Estado de Oaxaca, a trav\u00e9s de la Escuela Judicial, en colaboraci\u00f3n acad\u00e9mica con el Departamento de Derecho de la Universidad de Perugia, Italia, emiti\u00f3 la convocatoria para cursar los estudios de Maestr\u00eda en Derecho Judicial, dirigida a magistradas, magistrados, juezas, jueces y dem\u00e1s operadores jurisdiccionales de la instituci\u00f3n, de los poderes judiciales de la Rep\u00fablica Mexicana y de Latinoam\u00e9rica.<\/p>\n\n\n\n<p>Ante el contexto actual, uno de los ejes prioritarios en la administraci\u00f3n del magistrado Eduardo Pinacho S\u00e1nchez es fortalecer un sistema de justicia m\u00e1s eficiente, sensible y humanizado; por lo cual, la actualizaci\u00f3n y formaci\u00f3n de las y los servidores p\u00fablicos judiciales es un aspecto clave.<\/p>\n\n\n\n<p>El posgrado de naturaleza internacional encaminado a la educaci\u00f3n y formaci\u00f3n de excelencia de jueces y dem\u00e1s operadores judiciales que pretendan emprender la Carrera Judicial, tendr\u00e1 una duraci\u00f3n de dos a\u00f1os e iniciar\u00e1 el uno de septiembre pr\u00f3ximo. Las sesiones de clase ser\u00e1n impartidas en forma mixta, es decir, presencial o a distancia, salvo los casos de sesiones transmitidas desde el extranjero que tendr\u00e1n que llevarse a cabo en forma virtual.<\/p>\n\n\n\n<p>De acuerdo con las bases de la convocatoria, para el procedimiento de postulaci\u00f3n y aceptaci\u00f3n las y los interesados deben presentar solicitud de admisi\u00f3n, con fotograf\u00eda reciente, a color, tama\u00f1o infantil, cuyo formato se encuentra disponible en el portal web institucional www.tribunaloax.gob.mx, acta de nacimiento, t\u00edtulo de licenciatura en Derecho y Certificado de Estudios, expedidos por autoridades universitarias o habilitadas para tales efectos y comprobante de pertenencia a alg\u00fan Poder Judicial, nacional o extranjero.<\/p>\n\n\n\n<p>Asimismo, una breve reflexi\u00f3n, en no m\u00e1s de cinco cuartillas, acerca de los retos y amenazas de la independencia judicial en M\u00e9xico o en cualquier pa\u00eds de Am\u00e9rica Latina y completar la solicitud de beca, en caso de ser requerida.<\/p>\n\n\n\n<p>Los documentos se deben ingresar en las oficinas de la Unidad de Formaci\u00f3n de la Escuela Judicial, de lunes a viernes de 9:00 a 16:00 horas y s\u00e1bados de 10:00 a 13:00 horas; o en su defecto enviarlos debidamente escaneados al correo electr\u00f3nico controlescolar_ejoax@hotmail.com, teniendo como plazo m\u00e1ximo el 31 de mayo.<\/p>\n\n\n\n<p>Una vez satisfechos los requisitos de solicitud, la Escuela Judicial fijar\u00e1 fecha, hora y lugar para que quienes soliciten su ingreso a la Maestr\u00eda se entrevisten con el Coordinador y\/o miembros del Comit\u00e9 Acad\u00e9mico, con el prop\u00f3sito de que las autoridades puedan identificar el perfil personal y profesional de cada postulante para efectos de su posible admisi\u00f3n.<\/p>\n\n\n\n<p>Como parte del plan de estudios, las y los alumnos deber\u00e1n llevar a cabo una estancia obligatoria de un mes en la sede de la Universidad, al finalizar el cuarto semestre del posgrado a fin de realizar las actividades acad\u00e9micas y los talleres de profesionalizaci\u00f3n judicial que el programa contempla.<\/p>\n\n\n\n<p>La convocatoria completa se encuentra en el enlace: <a href=\"https:\/\/bit.ly\/3HirtGQ\">https:\/\/bit.ly\/3HirtGQ<\/a>.<\/p>\n","protected":false},"excerpt":{"rendered":"<p>Redacci\u00f3n\/Zona Roja. Oaxaca de Ju\u00e1rez, Oax., 29 de enero de 2022.- El Poder Judicial del&hellip;<\/p>\n","protected":false},"author":2,"featured_media":36947,"comment_status":"closed","ping_status":"open","sticky":false,"template":"","format":"standard","meta":{"_lmt_disableupdate":"","_lmt_disable":"","_jetpack_memberships_contains_paid_content":false,"footnotes":""},"categories":[109,46],"tags":[223],"class_list":["post-36946","post","type-post","status-publish","format-standard","has-post-thumbnail","hentry","category-minuto-a-minuto","category-zona-blanca","tag-poder-judicial-de-oaxaca"],"jetpack_featured_media_url":"https:\/\/zonaroja.com.mx\/wp-content\/uploads\/2022\/01\/01-El-plazo-maximo-para-la-recepcion-de-solicitudes-es-el-31-de-mayo.jpg","jetpack_sharing_enabled":true,"_links":{"self":[{"href":"https:\/\/zonaroja.com.mx\/index.php?rest_route=\/wp\/v2\/posts\/36946","targetHints":{"allow":["GET"]}}],"collection":[{"href":"https:\/\/zonaroja.com.mx\/index.php?rest_route=\/wp\/v2\/posts"}],"about":[{"href":"https:\/\/zonaroja.com.mx\/index.php?rest_route=\/wp\/v2\/types\/post"}],"author":[{"embeddable":true,"href":"https:\/\/zonaroja.com.mx\/index.php?rest_route=\/wp\/v2\/users\/2"}],"replies":[{"embeddable":true,"href":"https:\/\/zonaroja.com.mx\/index.php?rest_route=%2Fwp%2Fv2%2Fcomments&post=36946"}],"version-history":[{"count":1,"href":"https:\/\/zonaroja.com.mx\/index.php?rest_route=\/wp\/v2\/posts\/36946\/revisions"}],"predecessor-version":[{"id":36948,"href":"https:\/\/zonaroja.com.mx\/index.php?rest_route=\/wp\/v2\/posts\/36946\/revisions\/36948"}],"wp:featuredmedia":[{"embeddable":true,"href":"https:\/\/zonaroja.com.mx\/index.php?rest_route=\/wp\/v2\/media\/36947"}],"wp:attachment":[{"href":"https:\/\/zonaroja.com.mx\/index.php?rest_route=%2Fwp%2Fv2%2Fmedia&parent=36946"}],"wp:term":[{"taxonomy":"category","embeddable":true,"href":"https:\/\/zonaroja.com.mx\/index.php?rest_route=%2Fwp%2Fv2%2Fcategories&post=36946"},{"taxonomy":"post_tag","embeddable":true,"href":"https:\/\/zonaroja.com.mx\/index.php?rest_route=%2Fwp%2Fv2%2Ftags&post=36946"}],"curies":[{"name":"wp","href":"https:\/\/api.w.org\/{rel}","templated":true}]}}