{"id":36949,"date":"2022-01-29T07:27:44","date_gmt":"2022-01-29T13:27:44","guid":{"rendered":"http:\/\/www.zonaroja.com.mx\/?p=36949"},"modified":"2022-01-29T07:27:46","modified_gmt":"2022-01-29T13:27:46","slug":"ratifican-convenio-uabjo-con-el-inah-oaxaca-y-el-ciesas-pacifico-sur","status":"publish","type":"post","link":"https:\/\/zonaroja.com.mx\/?p=36949","title":{"rendered":"Ratifican convenio UABJO con el INAH Oaxaca y el CIESAS Pac\u00edfico Sur"},"content":{"rendered":"\n<p>Redacci\u00f3n\/Zona Roja.<\/p>\n\n\n\n<p>Oaxaca de Ju\u00e1rez, Oax.,298 de enero de 2022.- La Universidad Aut\u00f3noma \u201cBenito Ju\u00e1rez\u201d de Oaxaca (UABJO) ratific\u00f3 la firma de un convenio de colaboraci\u00f3n con el Centro Oaxaca del Instituto Nacional de Antropolog\u00eda e Historia (INAH) y el Centro de Investigaciones y Estudios Superiores en Antropolog\u00eda Social (CIESAS).<\/p>\n\n\n\n<p>Lo anterior con la finalidad de seguir sumando esfuerzos en la investigaci\u00f3n y difusi\u00f3n de publicaciones, en temas sociales de la entidad.<\/p>\n\n\n\n<p>En ese marco fue presentada la edici\u00f3n 51 de \u201cCuadernos del Sur\u201d, publicaci\u00f3n en la que confluyen distintas disciplinas que dan muestra de la producci\u00f3n cient\u00edfica extraordinaria del sureste mexicano y con ello se ratifican las acciones acad\u00e9micas interinstitucionales, afirm\u00f3 el rector Eduardo Bautista Mart\u00ednez.<\/p>\n\n\n\n<p>La revista es producida por el Instituto de Investigaciones Sociol\u00f3gicas de la Universidad en coordinaci\u00f3n con el Centro de Investigaciones y Estudios Superiores en Antropolog\u00eda Social (CIESAS) y el Instituto Nacional de Antropolog\u00eda e Historia (INAH).<\/p>\n\n\n\n<p>En presencia del director del Instituto, Heriberto Ruiz Ponce, el Rector felicit\u00f3 el trabajo realizado por las y los investigadores, pues se trata de un aporte significativo en la generaci\u00f3n y aplicaci\u00f3n de conocimientos.<\/p>\n\n\n\n<p>As\u00ed tambi\u00e9n, la responsable de la revista, Gladys Karina S\u00e1nchez Ju\u00e1rez, inform\u00f3 que se trata de un trabajo serio bajo la estricta revisi\u00f3n del comit\u00e9 editorial, el cual est\u00e1 conformado por dos especialistas de cada una de las instituciones participantes.<\/p>\n\n\n\n<p>Refiri\u00f3 que no consiste solamente en la difusi\u00f3n y divulgaci\u00f3n de investigaciones, sino en sostenerse como una revista cient\u00edfica en el sur-sureste del pa\u00eds y abrir el espacio a otras \u00e1reas.<\/p>\n\n\n\n<p>De modo que, para continuar con estas acciones, durante este acto se llev\u00f3 a cabo la renovaci\u00f3n del acuerdo de colaboraci\u00f3n con las instancias mencionadas.<\/p>\n\n\n\n<p>En su momento, la directora del CIESAS Pac\u00edfico Sur, Daniela Traffano, resalt\u00f3 que tanto la Revista como el trabajo interinstitucional llevan casi 30 a\u00f1os, tiempo en que se ha modernizado en su formato y renovado las tem\u00e1ticas de forma progresiva.<\/p>\n\n\n\n<p>El director del INAH Oaxaca, Joel Omar V\u00e1zquez Herrera, agreg\u00f3 que ha sido un esfuerzo sostenido y una gran ventana de participaci\u00f3n acad\u00e9mica para la divulgaci\u00f3n.<\/p>\n\n\n\n<p>Cabe mencionar que el ejemplar m\u00e1s reciente, puede consultarse en cuadernosdelsur.com\/ y contiene an\u00e1lisis diversos sobre investigaciones antropol\u00f3gicas de Guerrero, problem\u00e1ticas en Yucat\u00e1n, Oaxaca, as\u00ed como investigaciones antropol\u00f3gicas en siete art\u00edculos.<\/p>\n","protected":false},"excerpt":{"rendered":"<p>Redacci\u00f3n\/Zona Roja. Oaxaca de Ju\u00e1rez, Oax.,298 de enero de 2022.- La Universidad Aut\u00f3noma \u201cBenito Ju\u00e1rez\u201d&hellip;<\/p>\n","protected":false},"author":2,"featured_media":36950,"comment_status":"closed","ping_status":"open","sticky":false,"template":"","format":"standard","meta":{"_lmt_disableupdate":"","_lmt_disable":"","_jetpack_memberships_contains_paid_content":false,"footnotes":""},"categories":[109,46],"tags":[360],"class_list":["post-36949","post","type-post","status-publish","format-standard","has-post-thumbnail","hentry","category-minuto-a-minuto","category-zona-blanca","tag-rector-eduardo-bautista-martinez"],"jetpack_featured_media_url":"https:\/\/zonaroja.com.mx\/wp-content\/uploads\/2022\/01\/Convenio-UABJO-INAH.jpg","jetpack_sharing_enabled":true,"_links":{"self":[{"href":"https:\/\/zonaroja.com.mx\/index.php?rest_route=\/wp\/v2\/posts\/36949","targetHints":{"allow":["GET"]}}],"collection":[{"href":"https:\/\/zonaroja.com.mx\/index.php?rest_route=\/wp\/v2\/posts"}],"about":[{"href":"https:\/\/zonaroja.com.mx\/index.php?rest_route=\/wp\/v2\/types\/post"}],"author":[{"embeddable":true,"href":"https:\/\/zonaroja.com.mx\/index.php?rest_route=\/wp\/v2\/users\/2"}],"replies":[{"embeddable":true,"href":"https:\/\/zonaroja.com.mx\/index.php?rest_route=%2Fwp%2Fv2%2Fcomments&post=36949"}],"version-history":[{"count":1,"href":"https:\/\/zonaroja.com.mx\/index.php?rest_route=\/wp\/v2\/posts\/36949\/revisions"}],"predecessor-version":[{"id":36951,"href":"https:\/\/zonaroja.com.mx\/index.php?rest_route=\/wp\/v2\/posts\/36949\/revisions\/36951"}],"wp:featuredmedia":[{"embeddable":true,"href":"https:\/\/zonaroja.com.mx\/index.php?rest_route=\/wp\/v2\/media\/36950"}],"wp:attachment":[{"href":"https:\/\/zonaroja.com.mx\/index.php?rest_route=%2Fwp%2Fv2%2Fmedia&parent=36949"}],"wp:term":[{"taxonomy":"category","embeddable":true,"href":"https:\/\/zonaroja.com.mx\/index.php?rest_route=%2Fwp%2Fv2%2Fcategories&post=36949"},{"taxonomy":"post_tag","embeddable":true,"href":"https:\/\/zonaroja.com.mx\/index.php?rest_route=%2Fwp%2Fv2%2Ftags&post=36949"}],"curies":[{"name":"wp","href":"https:\/\/api.w.org\/{rel}","templated":true}]}}