{"id":3695,"date":"2019-09-05T07:54:29","date_gmt":"2019-09-05T12:54:29","guid":{"rendered":"http:\/\/www.zonaroja.com.mx\/?p=3695"},"modified":"2019-09-05T08:32:20","modified_gmt":"2019-09-05T13:32:20","slug":"pide-secretaria-de-seguridad-publica-moches-a-comandantes-y-funcionarios","status":"publish","type":"post","link":"https:\/\/zonaroja.com.mx\/?p=3695","title":{"rendered":"Pide Secretar\u00eda de Seguridad P\u00fablica \u201cmoches\u201d a comandantes y funcionarios"},"content":{"rendered":"\n<p>Redacci\u00f3n\/Zona\nRoja.<\/p>\n\n\n\n<p>Oaxaca de\nJu\u00e1rez, Oax., 5 de septiembre de 2019.- Bajo el argumento de \u201csostener la labor\nen beneficio de la familia policial\u201d, la Secretar\u00eda de Seguridad P\u00fablica de\nOaxaca (SSPO) pidi\u00f3 moches a comandantes y funcionarios.<\/p>\n\n\n\n<p>Ayer se dio\na conocer un oficio, con fecha 20 de julio de este a\u00f1o, con n\u00famero\nSSP\/PE\/CS0031\/2019, bajo el indicativo \u201cSe solicita donativo mensual\u201d, firmado\npor la encargada del \u00e1rea de comunicaci\u00f3n social y presidenta del patronato \u201cJuntos\npor ayudar\u201d de la Polic\u00eda Estatal, Brenda Ivet G\u00f3mez S\u00e1nchez.<\/p>\n\n\n\n<p>Est\u00e1\ndirigido a comandantes directores de divisi\u00f3n, comandantes regionales y sector\nplaza, directores de \u00e1rea y jefes de departamento, a quienes se les impone\ncuotas de cinco mil pesos para mandos superiores, tres mil pesos para mandos\nmedios y dos mil pesos para \u201cdamas afiliadas\u201d.<\/p>\n\n\n\n<p>\u201cHago un exhorto a ustedes con la finalidad de acudir a esta oficina de Comunicaci\u00f3n Social de forma mensual siendo los d\u00edas 30 de cada mes, para hacer donaciones voluntarias y poder sostener esta labor en beneficio de la familia policiail; as\u00ed como invitarlos para que sus esposas se unan a esta labor institucional para beneficio de los m\u00e1s necesitados\u201d, cierra el oficio.<\/p>\n\n\n\n<p>Aunque esta ma\u00f1ana circul\u00f3 en redes sociales el mismo documento con la marca de falso, hasta el momento no ha habido informaci\u00f3n o comunicado oficial de la Secretar\u00eda de Seguridad P\u00fablica para desmentir dicho oficio.<\/p>\n","protected":false},"excerpt":{"rendered":"<p>Redacci\u00f3n\/Zona Roja. Oaxaca de Ju\u00e1rez, Oax., 5 de septiembre de 2019.- Bajo el argumento de&hellip;<\/p>\n","protected":false},"author":2,"featured_media":3696,"comment_status":"closed","ping_status":"open","sticky":false,"template":"","format":"standard","meta":{"_lmt_disableupdate":"","_lmt_disable":"","_jetpack_memberships_contains_paid_content":false,"footnotes":""},"categories":[109,47],"tags":[175],"class_list":["post-3695","post","type-post","status-publish","format-standard","has-post-thumbnail","hentry","category-minuto-a-minuto","category-zona-gris","tag-secretaria-de-seguridad-publica-de-oaxaca"],"jetpack_featured_media_url":"https:\/\/zonaroja.com.mx\/wp-content\/uploads\/2019\/09\/42d4e0e2-81de-48e2-9bd0-3bb55a8afccc.jpg","jetpack_sharing_enabled":true,"_links":{"self":[{"href":"https:\/\/zonaroja.com.mx\/index.php?rest_route=\/wp\/v2\/posts\/3695","targetHints":{"allow":["GET"]}}],"collection":[{"href":"https:\/\/zonaroja.com.mx\/index.php?rest_route=\/wp\/v2\/posts"}],"about":[{"href":"https:\/\/zonaroja.com.mx\/index.php?rest_route=\/wp\/v2\/types\/post"}],"author":[{"embeddable":true,"href":"https:\/\/zonaroja.com.mx\/index.php?rest_route=\/wp\/v2\/users\/2"}],"replies":[{"embeddable":true,"href":"https:\/\/zonaroja.com.mx\/index.php?rest_route=%2Fwp%2Fv2%2Fcomments&post=3695"}],"version-history":[{"count":2,"href":"https:\/\/zonaroja.com.mx\/index.php?rest_route=\/wp\/v2\/posts\/3695\/revisions"}],"predecessor-version":[{"id":3698,"href":"https:\/\/zonaroja.com.mx\/index.php?rest_route=\/wp\/v2\/posts\/3695\/revisions\/3698"}],"wp:featuredmedia":[{"embeddable":true,"href":"https:\/\/zonaroja.com.mx\/index.php?rest_route=\/wp\/v2\/media\/3696"}],"wp:attachment":[{"href":"https:\/\/zonaroja.com.mx\/index.php?rest_route=%2Fwp%2Fv2%2Fmedia&parent=3695"}],"wp:term":[{"taxonomy":"category","embeddable":true,"href":"https:\/\/zonaroja.com.mx\/index.php?rest_route=%2Fwp%2Fv2%2Fcategories&post=3695"},{"taxonomy":"post_tag","embeddable":true,"href":"https:\/\/zonaroja.com.mx\/index.php?rest_route=%2Fwp%2Fv2%2Ftags&post=3695"}],"curies":[{"name":"wp","href":"https:\/\/api.w.org\/{rel}","templated":true}]}}