{"id":36955,"date":"2022-01-29T07:43:05","date_gmt":"2022-01-29T13:43:05","guid":{"rendered":"http:\/\/www.zonaroja.com.mx\/?p=36955"},"modified":"2022-01-29T07:43:07","modified_gmt":"2022-01-29T13:43:07","slug":"gestion-permanente-de-nueva-alianza-para-dignificar-la-vida-de-oaxaquenos","status":"publish","type":"post","link":"https:\/\/zonaroja.com.mx\/?p=36955","title":{"rendered":"Gesti\u00f3n permanente de Nueva Alianza para dignificar la vida de oaxaque\u00f1os"},"content":{"rendered":"\n<p>Redacci\u00f3n\/Zona Roja.<\/p>\n\n\n\n<p>Oaxaca de Ju\u00e1rez, Oax.- 29 de enero de 2022.- Bersah\u00edn L\u00f3pez L\u00f3pez coordinador pol\u00edtico de Nueva Alianza Oaxaca (NAO), llam\u00f3 a dirigentes y militantes de este instituto pol\u00edtico para que concentren su esfuerzo en la construcci\u00f3n de un plan pol\u00edtico que responda a las expectativas ciudadanas, porque el turquesa, es un proyecto de futuro con una meta superior a los objetivos electorales.<\/p>\n\n\n\n<p>En su visita a las estructuras de NAO en la regi\u00f3n de la Costa, L\u00f3pez L\u00f3pez confirm\u00f3 que la alianza es con las y los ciudadanos, para quienes se construye una agenda pol\u00edtica que trascienda m\u00e1s all\u00e1 de solo las demandas de la poblaci\u00f3n, para lo que se encaminan a la b\u00fasqueda que contribuya a un desarrollo integral del estado.<\/p>\n\n\n\n<p>Bersah\u00edn L\u00f3pez observ\u00f3 que los tiempos actuales demandan mejores servicios e infraestructura, para favorecer la red de movilidad de los diferentes sectores en el estado, para lo que es necesario trabajar en sumar proyectos que impulsen, con sensatez y respeto a los recursos naturales, una red de carreteras en la que los principales beneficiados sean las y los productores oaxaque\u00f1os.<\/p>\n\n\n\n<p>\u201cTener encuentros con los presidentes municipales me permite conocer de cerca los retos a los que se enfrentan. Entre tantos, el de responder a las demandas de servicios p\u00fablicos que requieren sus comunidades; un tema para el que es necesario llevar a cabo gestiones con las instituciones encargadas, para que en conjunto se logre una de las funciones principales como servidores: mejorar las condiciones de vida de los habitantes\u201d, indic\u00f3.<\/p>\n\n\n\n<p>Apunt\u00f3, que el combate a la marginaci\u00f3n y erradicaci\u00f3n de la pobreza, tiene que sensibilizar a los gobiernos, para que trabajen en un dise\u00f1o institucional efectivo que obligue a las instancias encargadas a atender la problem\u00e1tica con eficacia.<\/p>\n\n\n\n<p>\u201cEn los recorridos que hemos realizado he palpado la necesidad de impulsar un dise\u00f1o de instituciones y programas que est\u00e9n presentes en donde realmente se requiere para elevar y sostener el nivel de vida de cada persona, para ello creamos Nueva Alianza Oaxaca, para ser promotor permanente, y no solo de tiempos electorales, de acciones que dignifiquen la vida de las y los oaxaque\u00f1os\u201d, puntualiz\u00f3.<\/p>\n","protected":false},"excerpt":{"rendered":"<p>Redacci\u00f3n\/Zona Roja. Oaxaca de Ju\u00e1rez, Oax.- 29 de enero de 2022.- Bersah\u00edn L\u00f3pez L\u00f3pez coordinador&hellip;<\/p>\n","protected":false},"author":2,"featured_media":36956,"comment_status":"closed","ping_status":"open","sticky":false,"template":"","format":"standard","meta":{"_lmt_disableupdate":"","_lmt_disable":"","_jetpack_memberships_contains_paid_content":false,"footnotes":""},"categories":[109,46],"tags":[3003],"class_list":["post-36955","post","type-post","status-publish","format-standard","has-post-thumbnail","hentry","category-minuto-a-minuto","category-zona-blanca","tag-bersahin-lopez-lopez"],"jetpack_featured_media_url":"https:\/\/zonaroja.com.mx\/wp-content\/uploads\/2022\/01\/Bersahin-Lopez-1.jpg","jetpack_sharing_enabled":true,"_links":{"self":[{"href":"https:\/\/zonaroja.com.mx\/index.php?rest_route=\/wp\/v2\/posts\/36955","targetHints":{"allow":["GET"]}}],"collection":[{"href":"https:\/\/zonaroja.com.mx\/index.php?rest_route=\/wp\/v2\/posts"}],"about":[{"href":"https:\/\/zonaroja.com.mx\/index.php?rest_route=\/wp\/v2\/types\/post"}],"author":[{"embeddable":true,"href":"https:\/\/zonaroja.com.mx\/index.php?rest_route=\/wp\/v2\/users\/2"}],"replies":[{"embeddable":true,"href":"https:\/\/zonaroja.com.mx\/index.php?rest_route=%2Fwp%2Fv2%2Fcomments&post=36955"}],"version-history":[{"count":1,"href":"https:\/\/zonaroja.com.mx\/index.php?rest_route=\/wp\/v2\/posts\/36955\/revisions"}],"predecessor-version":[{"id":36957,"href":"https:\/\/zonaroja.com.mx\/index.php?rest_route=\/wp\/v2\/posts\/36955\/revisions\/36957"}],"wp:featuredmedia":[{"embeddable":true,"href":"https:\/\/zonaroja.com.mx\/index.php?rest_route=\/wp\/v2\/media\/36956"}],"wp:attachment":[{"href":"https:\/\/zonaroja.com.mx\/index.php?rest_route=%2Fwp%2Fv2%2Fmedia&parent=36955"}],"wp:term":[{"taxonomy":"category","embeddable":true,"href":"https:\/\/zonaroja.com.mx\/index.php?rest_route=%2Fwp%2Fv2%2Fcategories&post=36955"},{"taxonomy":"post_tag","embeddable":true,"href":"https:\/\/zonaroja.com.mx\/index.php?rest_route=%2Fwp%2Fv2%2Ftags&post=36955"}],"curies":[{"name":"wp","href":"https:\/\/api.w.org\/{rel}","templated":true}]}}