{"id":36961,"date":"2022-01-29T16:46:09","date_gmt":"2022-01-29T22:46:09","guid":{"rendered":"https:\/\/www.zonaroja.com.mx\/?p=36961"},"modified":"2022-01-29T16:48:39","modified_gmt":"2022-01-29T22:48:39","slug":"acusan-que-edil-martinez-neri-incurre-en-nepotismo-al-dar-empleo-a-familiares","status":"publish","type":"post","link":"https:\/\/zonaroja.com.mx\/?p=36961","title":{"rendered":"Acusan que edil Mart\u00ednez Neri incurre en nepotismo al dar empleo a familiares"},"content":{"rendered":"\n<p>Redacci\u00f3n\/Informativo 570.<\/p>\n\n\n\n<p>Oaxaca de Ju\u00e1rez, Oax.. 29 de enero fe 2022.- El presidente municipal de Oaxaca de Ju\u00e1rez, Francisco Mart\u00ednez Neri, nuevamente ha siendo se\u00f1alado de irregularidades en la designaci\u00f3n de funcionarios p\u00fablicos con qui\u00e9nes gobernar\u00e1 la capital los pr\u00f3ximos tres a\u00f1os. <\/p>\n\n\n\n<p>\u201cNo queremos nepotismo. Nada de llenar de familiares a los gobiernos municipales y los gobiernos estatales. No es el gobierno de la familia, no es el DIF&#8230;\u00bb ha dicho el Presidente Andr\u00e9s Manuel L\u00f3pez Obrador en diversos discursos p\u00fablicos a ediles morenistas. <\/p>\n\n\n\n<p>Pero a menos de un mes de haber recibido el cargo, el ayuntamiento ha sido invadido por familiares, amigos y compromisos pol\u00edticos del edil morenista Francisco Mart\u00ednez Neri, quien ha pregonado incansablemente sumar al gobierno de AMLO. <\/p>\n\n\n\n<p>Tal es la reci\u00e9nte denuncia exibida en redes sociales, sobre la nueva titular de la Direcci\u00f3n de Capital Humano, Janeth Silva Lara, nuera de Mart\u00ednez Neri, quien se ostenta en el cargo y evade solicitudes y atenciones de las y los trabajadores del municipio de Oaxaca de Ju\u00e1rez. <\/p>\n\n\n\n<p>Janeth Silva Lara, esposa de Lenin Mart\u00ednez, se sum\u00f3 a la plantilla laboral a pesar de las promesas de campa\u00f1a del ahora edil de rechazar el amiguismo y el nepotismo que critic\u00f3 de los gobiernos pasados. <\/p>\n\n\n\n<p>En sus demandas, el mandatario federal ha recalcado que \u00abNo es que ya llegaron y que mi primo y mi cu\u00f1ado y mi t\u00eda y mi abuelo van a estar ocupando cargos en el ayuntamiento. Eso lo reprobamos. No luchamos para eso\u201d, encomiendas que a Mart\u00ednez Neri se le olvid\u00f3 reci\u00e9n ocupado el cargo.<\/p>\n\n\n\n<p>Asimismo, entre los funcionarios a cargo de encubrir y solapar las decisiones de Silva Lara, est\u00e1 Francisco Carrera Sedano, reci\u00e9n nombrado contralor municipal. <\/p>\n\n\n\n<p>Ambos se\u00f1alados por trabajadores de confianza, de acosar al personal para que presentaran renuncias y abrir m\u00e1s plazas y espacios a los compromisos pol\u00edticos de Mart\u00ednez Neri. <\/p>\n\n\n\n<p>Por lo que a trav\u00e9s de redes sociales han exhortado al gobierno capitalino y a las instancias competentes, realizar un an\u00e1lisis minucioso de los perfiles, as\u00ed como nexos y relaciones entre funcionarios para evitar m\u00e1s corrupci\u00f3n y saqueo en este municipio.<\/p>\n","protected":false},"excerpt":{"rendered":"<p>Redacci\u00f3n\/Informativo 570. Oaxaca de Ju\u00e1rez, Oax.. 29 de enero fe 2022.- El presidente municipal de&hellip;<\/p>\n","protected":false},"author":2,"featured_media":36960,"comment_status":"closed","ping_status":"open","sticky":false,"template":"","format":"standard","meta":{"_lmt_disableupdate":"","_lmt_disable":"","_jetpack_memberships_contains_paid_content":false,"footnotes":""},"categories":[109,47],"tags":[2418],"class_list":["post-36961","post","type-post","status-publish","format-standard","has-post-thumbnail","hentry","category-minuto-a-minuto","category-zona-gris","tag-francisco-martinez-neri"],"jetpack_featured_media_url":"https:\/\/zonaroja.com.mx\/wp-content\/uploads\/2022\/01\/004be3b8-5413-4199-b74e-d82f361e99c9.jpg","jetpack_sharing_enabled":true,"_links":{"self":[{"href":"https:\/\/zonaroja.com.mx\/index.php?rest_route=\/wp\/v2\/posts\/36961","targetHints":{"allow":["GET"]}}],"collection":[{"href":"https:\/\/zonaroja.com.mx\/index.php?rest_route=\/wp\/v2\/posts"}],"about":[{"href":"https:\/\/zonaroja.com.mx\/index.php?rest_route=\/wp\/v2\/types\/post"}],"author":[{"embeddable":true,"href":"https:\/\/zonaroja.com.mx\/index.php?rest_route=\/wp\/v2\/users\/2"}],"replies":[{"embeddable":true,"href":"https:\/\/zonaroja.com.mx\/index.php?rest_route=%2Fwp%2Fv2%2Fcomments&post=36961"}],"version-history":[{"count":1,"href":"https:\/\/zonaroja.com.mx\/index.php?rest_route=\/wp\/v2\/posts\/36961\/revisions"}],"predecessor-version":[{"id":36962,"href":"https:\/\/zonaroja.com.mx\/index.php?rest_route=\/wp\/v2\/posts\/36961\/revisions\/36962"}],"wp:featuredmedia":[{"embeddable":true,"href":"https:\/\/zonaroja.com.mx\/index.php?rest_route=\/wp\/v2\/media\/36960"}],"wp:attachment":[{"href":"https:\/\/zonaroja.com.mx\/index.php?rest_route=%2Fwp%2Fv2%2Fmedia&parent=36961"}],"wp:term":[{"taxonomy":"category","embeddable":true,"href":"https:\/\/zonaroja.com.mx\/index.php?rest_route=%2Fwp%2Fv2%2Fcategories&post=36961"},{"taxonomy":"post_tag","embeddable":true,"href":"https:\/\/zonaroja.com.mx\/index.php?rest_route=%2Fwp%2Fv2%2Ftags&post=36961"}],"curies":[{"name":"wp","href":"https:\/\/api.w.org\/{rel}","templated":true}]}}