{"id":36980,"date":"2022-01-30T07:59:11","date_gmt":"2022-01-30T13:59:11","guid":{"rendered":"http:\/\/www.zonaroja.com.mx\/?p=36980"},"modified":"2022-01-30T08:08:52","modified_gmt":"2022-01-30T14:08:52","slug":"rebasa-oaxaca-los-100-mil-casos-de-covid-19","status":"publish","type":"post","link":"https:\/\/zonaroja.com.mx\/?p=36980","title":{"rendered":"Rebasa Oaxaca los 100 mil casos de Covid; hay 14 nuevos casos de \u00ab\u00d3micron\u00bb"},"content":{"rendered":"\n<p>Ismael Garc\u00eda M.\/Zona Roja.<\/p>\n\n\n\n<p>Oaxaca de Ju\u00e1rez, Oax., 30 de enero de 2022.- A casi dos a\u00f1os de la pandemia, este s\u00e1bado el estado de Oaxaca rebas\u00f3 los 100 mil casos de Covid-19; adem\u00e1s, rompi\u00f3 el r\u00e9cord de casos activos en un d\u00eda, con siete mil 614.<\/p>\n\n\n\n<p>Mientras que en la variante \u201c\u00d3micron\u201d, ayer fueron notificados 14 casos m\u00e1s, con lo que suman 65 contagiados de esta variante del nuevo coronavirus.<\/p>\n\n\n\n<p>El primer caso de Covid en Oaxaca fue identificado el 14 de marzo de 2019; en enero, durante la cuarta ola de la pandemia, los casos han ido en incremento hasta llegar en las dos \u00faltimas semanas en un promedio de mil contagios diarios.<\/p>\n\n\n\n<p>De acuerdo con los Servicios de Salud de Oaxaca, ayer s\u00e1bado fueron notificados mil 22 casos positivos y siete fallecimientos; en este \u00faltimo caso, la suma total alcanza los 100 mil 416 contagios y cinco mil 471 fallecimientos.<\/p>\n\n\n\n<p>Por jurisdicciones sanitarias, la mayor cantidad de contagios y decesos lo registra Valles Centrales, con 60 mil 243 casos positivos y dos mil 552 defunciones.<\/p>\n\n\n\n<p>Mientras que por defunciones, Oaxaca capital sigue a la cabeza, ayer con 236 positivos, para un acumulado de 25 mil 845.<\/p>\n\n\n\n<p>Entre otros municipios, San Juan Bautista Tuxtepec, concentra cinco mil 362 enfermos por el coronavirus; Huajuapan de Le\u00f3n con tres mil 606; Salina Cruz con tres mil 533; Santa Cruz Xoxocotl\u00e1n con cinco mil 293 y Santa Luc\u00eda del Camino con tres mil 755.<\/p>\n","protected":false},"excerpt":{"rendered":"<p>Ismael Garc\u00eda M.\/Zona Roja. Oaxaca de Ju\u00e1rez, Oax., 30 de enero de 2022.- A casi&hellip;<\/p>\n","protected":false},"author":2,"featured_media":35002,"comment_status":"closed","ping_status":"open","sticky":false,"template":"","format":"standard","meta":{"_lmt_disableupdate":"","_lmt_disable":"","_jetpack_memberships_contains_paid_content":false,"footnotes":""},"categories":[109,47],"tags":[1512],"class_list":["post-36980","post","type-post","status-publish","format-standard","has-post-thumbnail","hentry","category-minuto-a-minuto","category-zona-gris","tag-coronavirus-oaxaca"],"jetpack_featured_media_url":"https:\/\/zonaroja.com.mx\/wp-content\/uploads\/2021\/12\/Covid-Omnicron-coronavirus.jpg","jetpack_sharing_enabled":true,"_links":{"self":[{"href":"https:\/\/zonaroja.com.mx\/index.php?rest_route=\/wp\/v2\/posts\/36980","targetHints":{"allow":["GET"]}}],"collection":[{"href":"https:\/\/zonaroja.com.mx\/index.php?rest_route=\/wp\/v2\/posts"}],"about":[{"href":"https:\/\/zonaroja.com.mx\/index.php?rest_route=\/wp\/v2\/types\/post"}],"author":[{"embeddable":true,"href":"https:\/\/zonaroja.com.mx\/index.php?rest_route=\/wp\/v2\/users\/2"}],"replies":[{"embeddable":true,"href":"https:\/\/zonaroja.com.mx\/index.php?rest_route=%2Fwp%2Fv2%2Fcomments&post=36980"}],"version-history":[{"count":2,"href":"https:\/\/zonaroja.com.mx\/index.php?rest_route=\/wp\/v2\/posts\/36980\/revisions"}],"predecessor-version":[{"id":36984,"href":"https:\/\/zonaroja.com.mx\/index.php?rest_route=\/wp\/v2\/posts\/36980\/revisions\/36984"}],"wp:featuredmedia":[{"embeddable":true,"href":"https:\/\/zonaroja.com.mx\/index.php?rest_route=\/wp\/v2\/media\/35002"}],"wp:attachment":[{"href":"https:\/\/zonaroja.com.mx\/index.php?rest_route=%2Fwp%2Fv2%2Fmedia&parent=36980"}],"wp:term":[{"taxonomy":"category","embeddable":true,"href":"https:\/\/zonaroja.com.mx\/index.php?rest_route=%2Fwp%2Fv2%2Fcategories&post=36980"},{"taxonomy":"post_tag","embeddable":true,"href":"https:\/\/zonaroja.com.mx\/index.php?rest_route=%2Fwp%2Fv2%2Ftags&post=36980"}],"curies":[{"name":"wp","href":"https:\/\/api.w.org\/{rel}","templated":true}]}}