{"id":36982,"date":"2022-01-30T08:07:07","date_gmt":"2022-01-30T14:07:07","guid":{"rendered":"http:\/\/www.zonaroja.com.mx\/?p=36982"},"modified":"2022-01-30T08:07:09","modified_gmt":"2022-01-30T14:07:09","slug":"no-cesan-conflictos-en-san-martin-peras-retienen-a-mas-autoridades","status":"publish","type":"post","link":"https:\/\/zonaroja.com.mx\/?p=36982","title":{"rendered":"No cesan conflictos en San Mart\u00edn Peras; retienen a m\u00e1s autoridades"},"content":{"rendered":"\n<p>Ismael Garc\u00eda M.\/Zona Roja.<\/p>\n\n\n\n<p>Oaxaca de Ju\u00e1rez, Oax., 30 de enero de 2022.- El conflicto en San Mart\u00edn Peras, Juxtlahuaca, no tiene soluci\u00f3n y por el contrario, crece. A dos semanas de la retenci\u00f3n del edil Rom\u00e1n Ju\u00e1rez, del que no se tiene m\u00e1s informaci\u00f3n oficial, fueron retenidas autoridades agrarias.<\/p>\n\n\n\n<p>Este s\u00e1bado, habitantes de San Miguel Peras, agencia de San Mart\u00edn, retuvieron a integrantes del Comisariado de Bienes Comunales de Coicoy\u00e1n de las Flores, presuntamente por invadir su territorio.<\/p>\n\n\n\n<p>Se trata de tres campesinos, identificados como Paulino L\u00f3pez Mej\u00eda, Jorge Rodr\u00edguez Flores y Alberto Mej\u00eda L\u00f3pez, presidente, secretario y tesorero, respectivamente, del Comisariado.<\/p>\n\n\n\n<p>Autoridades y habitantes de Coicoy\u00e1n demandaron la intervenci\u00f3n de la Fiscal\u00eda General del Estado de Oaxaca y la Secretar\u00eda General de Gobierno (Segego); pese a que los hechos ocurrieron ayer por la tarde, hasta ahora no hay informaci\u00f3n de las dependencias citadas.<\/p>\n","protected":false},"excerpt":{"rendered":"<p>Ismael Garc\u00eda M.\/Zona Roja. Oaxaca de Ju\u00e1rez, Oax., 30 de enero de 2022.- El conflicto&hellip;<\/p>\n","protected":false},"author":2,"featured_media":36674,"comment_status":"closed","ping_status":"open","sticky":false,"template":"","format":"standard","meta":{"_lmt_disableupdate":"","_lmt_disable":"","_jetpack_memberships_contains_paid_content":false,"footnotes":""},"categories":[109,47],"tags":[1872],"class_list":["post-36982","post","type-post","status-publish","format-standard","has-post-thumbnail","hentry","category-minuto-a-minuto","category-zona-gris","tag-san-martin-peras"],"jetpack_featured_media_url":"https:\/\/zonaroja.com.mx\/wp-content\/uploads\/2022\/01\/San-Martin-Peras.jpg","jetpack_sharing_enabled":true,"_links":{"self":[{"href":"https:\/\/zonaroja.com.mx\/index.php?rest_route=\/wp\/v2\/posts\/36982","targetHints":{"allow":["GET"]}}],"collection":[{"href":"https:\/\/zonaroja.com.mx\/index.php?rest_route=\/wp\/v2\/posts"}],"about":[{"href":"https:\/\/zonaroja.com.mx\/index.php?rest_route=\/wp\/v2\/types\/post"}],"author":[{"embeddable":true,"href":"https:\/\/zonaroja.com.mx\/index.php?rest_route=\/wp\/v2\/users\/2"}],"replies":[{"embeddable":true,"href":"https:\/\/zonaroja.com.mx\/index.php?rest_route=%2Fwp%2Fv2%2Fcomments&post=36982"}],"version-history":[{"count":1,"href":"https:\/\/zonaroja.com.mx\/index.php?rest_route=\/wp\/v2\/posts\/36982\/revisions"}],"predecessor-version":[{"id":36983,"href":"https:\/\/zonaroja.com.mx\/index.php?rest_route=\/wp\/v2\/posts\/36982\/revisions\/36983"}],"wp:featuredmedia":[{"embeddable":true,"href":"https:\/\/zonaroja.com.mx\/index.php?rest_route=\/wp\/v2\/media\/36674"}],"wp:attachment":[{"href":"https:\/\/zonaroja.com.mx\/index.php?rest_route=%2Fwp%2Fv2%2Fmedia&parent=36982"}],"wp:term":[{"taxonomy":"category","embeddable":true,"href":"https:\/\/zonaroja.com.mx\/index.php?rest_route=%2Fwp%2Fv2%2Fcategories&post=36982"},{"taxonomy":"post_tag","embeddable":true,"href":"https:\/\/zonaroja.com.mx\/index.php?rest_route=%2Fwp%2Fv2%2Ftags&post=36982"}],"curies":[{"name":"wp","href":"https:\/\/api.w.org\/{rel}","templated":true}]}}