{"id":36989,"date":"2022-01-30T14:27:44","date_gmt":"2022-01-30T20:27:44","guid":{"rendered":"https:\/\/www.zonaroja.com.mx\/?p=36989"},"modified":"2022-01-30T14:27:46","modified_gmt":"2022-01-30T20:27:46","slug":"hasta-trajes-especiales-quieren-diputados-del-prd-que-usen-los-motociclistas","status":"publish","type":"post","link":"https:\/\/zonaroja.com.mx\/?p=36989","title":{"rendered":"Hasta trajes especiales quieren diputados del PRD que usen los motociclistas"},"content":{"rendered":"\n<p>Redacci\u00f3n\/Zona Roja. <\/p>\n\n\n\n<p>Oaxaca de Ju\u00e1rez, Oax. 30 de enero de 2022.-Legisladores del Grupo Parlamentario del Partido de la Revoluci\u00f3n Democr\u00e1tica (PRD) presentaron ante el pleno de la 65 Legislatura local una iniciativa de reforma a la Ley de Tr\u00e1nsito y Vialidad de Oaxaca, a fin de reforzar las reglas para el tr\u00e1nsito de motociclistas y reducir el riesgo de accidentes viales.<\/p>\n\n\n\n<p>Esto, debido a que en todo el pa\u00eds el n\u00famero de fallecimientos de motociclistas en accidentes de tr\u00e1nsito aument\u00f3 en un 63.8% en el a\u00f1o 2018, al registrarse mil 890 casos, de acuerdo con el informe sobre la situaci\u00f3n de la seguridad vial del 2019. Adem\u00e1s, en esa misma fecha, 11 mil 430 motociclistas fueron hospitalizados a causa de un accidente vial.<\/p>\n\n\n\n<p>Ante este panorama, las y los legisladores del PRD propusieron que jur\u00eddicamente sea obligatorio el uso del casco, el traje de protecci\u00f3n, y los accesorios para conducci\u00f3n como visores, guantes y botas.<\/p>\n\n\n\n<p>Adem\u00e1s, queda prohibido el tr\u00e1nsito entre carriles, por lo que solo deber\u00e1n de usar un carril completo y en todo momento circular con las luces traseras y delanteras.<\/p>\n\n\n\n<p>Tambi\u00e9n se plante\u00f3 que si los menores de 18 a\u00f1os abordan una motocicleta, esta unidad deber\u00e1 de estar adecuada con las medidas de seguridad para garantizar su tr\u00e1nsito, de lo contrario, estar\u00e1 prohibido.<\/p>\n\n\n\n<p>Para ello, se propuso la reforma a la fracci\u00f3n I, IV y V, as\u00ed como una adici\u00f3n a la fracci\u00f3n I, X, XI y XII a la Ley de Tr\u00e1nsito y Vialidad de Oaxaca. Esta iniciativa fue turnada a la Comisi\u00f3n Permanente de Movilidad, Comunicaciones y Transportes para su an\u00e1lisis y dictamen.<\/p>\n\n\n\n<p>El Grupo Parlamentario del PRD est\u00e1 integrado por las diputadas Ysabel Martina Herrera Molina, Minerva Leonor L\u00f3pez Calder\u00f3n, y el legislador V\u00edctor Ra\u00fal Hern\u00e1ndez L\u00f3pez.<\/p>\n","protected":false},"excerpt":{"rendered":"<p>Redacci\u00f3n\/Zona Roja. Oaxaca de Ju\u00e1rez, Oax. 30 de enero de 2022.-Legisladores del Grupo Parlamentario del&hellip;<\/p>\n","protected":false},"author":2,"featured_media":36988,"comment_status":"closed","ping_status":"open","sticky":false,"template":"","format":"standard","meta":{"_lmt_disableupdate":"","_lmt_disable":"","_jetpack_memberships_contains_paid_content":false,"footnotes":""},"categories":[109,47],"tags":[],"class_list":["post-36989","post","type-post","status-publish","format-standard","has-post-thumbnail","hentry","category-minuto-a-minuto","category-zona-gris"],"jetpack_featured_media_url":"https:\/\/zonaroja.com.mx\/wp-content\/uploads\/2022\/01\/img_1735.jpg","jetpack_sharing_enabled":true,"_links":{"self":[{"href":"https:\/\/zonaroja.com.mx\/index.php?rest_route=\/wp\/v2\/posts\/36989","targetHints":{"allow":["GET"]}}],"collection":[{"href":"https:\/\/zonaroja.com.mx\/index.php?rest_route=\/wp\/v2\/posts"}],"about":[{"href":"https:\/\/zonaroja.com.mx\/index.php?rest_route=\/wp\/v2\/types\/post"}],"author":[{"embeddable":true,"href":"https:\/\/zonaroja.com.mx\/index.php?rest_route=\/wp\/v2\/users\/2"}],"replies":[{"embeddable":true,"href":"https:\/\/zonaroja.com.mx\/index.php?rest_route=%2Fwp%2Fv2%2Fcomments&post=36989"}],"version-history":[{"count":1,"href":"https:\/\/zonaroja.com.mx\/index.php?rest_route=\/wp\/v2\/posts\/36989\/revisions"}],"predecessor-version":[{"id":36990,"href":"https:\/\/zonaroja.com.mx\/index.php?rest_route=\/wp\/v2\/posts\/36989\/revisions\/36990"}],"wp:featuredmedia":[{"embeddable":true,"href":"https:\/\/zonaroja.com.mx\/index.php?rest_route=\/wp\/v2\/media\/36988"}],"wp:attachment":[{"href":"https:\/\/zonaroja.com.mx\/index.php?rest_route=%2Fwp%2Fv2%2Fmedia&parent=36989"}],"wp:term":[{"taxonomy":"category","embeddable":true,"href":"https:\/\/zonaroja.com.mx\/index.php?rest_route=%2Fwp%2Fv2%2Fcategories&post=36989"},{"taxonomy":"post_tag","embeddable":true,"href":"https:\/\/zonaroja.com.mx\/index.php?rest_route=%2Fwp%2Fv2%2Ftags&post=36989"}],"curies":[{"name":"wp","href":"https:\/\/api.w.org\/{rel}","templated":true}]}}