{"id":36996,"date":"2022-01-30T17:32:46","date_gmt":"2022-01-30T23:32:46","guid":{"rendered":"http:\/\/www.zonaroja.com.mx\/?p=36996"},"modified":"2022-01-30T17:33:24","modified_gmt":"2022-01-30T23:33:24","slug":"con-doble-emplazamiento-a-huelga-del-steuabjo-dividido-manana-vence-plazo","status":"publish","type":"post","link":"https:\/\/zonaroja.com.mx\/?p=36996","title":{"rendered":"Con doble emplazamiento a huelga del STEUABJO dividido, ma\u00f1ana vence plazo"},"content":{"rendered":"\n<p>Ismael Garc\u00eda M.\/Zona Roja.<\/p>\n\n\n\n<p>Oaxaca de Ju\u00e1rez, Oax., 30 de enero de 2022.- Este lunes 31 de enero a la media noche vence el emplazamiento a huelga a la Universidad Aut\u00f3noma \u201cBenito Ju\u00e1rez\u201d de Oaxaca por parte del STEUABJO.<\/p>\n\n\n\n<p>Sin embargo, de manera in\u00e9dita la Junta Local de Conciliaci\u00f3n y Arbitraje dio entrada a la petici\u00f3n el pasado viernes, faltando cuatro d\u00edas para el probable estallamiento, y notific\u00f3 a los dos grupos del Sindicato de Trabajadores y Empleados el inicio formal del emplazamiento.<\/p>\n\n\n\n<p>\u201cMe complace informarles que me acaban de hablar de la Junta Local de Conciliaci\u00f3n y Arbitraje que aceptaron nuestro emplazamiento como titulares del Contrato Colectivo de Trabajo y de esta manera emplazar a la Universidad para iniciar las pl\u00e1ticas conciliatorias\u201d, difundi\u00f3 el viernes Ariel Luj\u00e1n P\u00e9rez, quien recientemente fue ratificado por la Junta Local como titular de la Secretar\u00eda General del gremio.<\/p>\n\n\n\n<p>Pero lo mismo hizo Julio C\u00e9sar Mora P\u00e9rez, quien difundi\u00f3 el mismo d\u00eda: \u201cNos es grato comunicarles que en estos momentos la Junta de Conciliaci\u00f3n y Arbitraje est\u00e1 notificando a la administraci\u00f3n universitaria nuestro emplazamiento a huelga.<\/p>\n\n\n\n<p>\u201cAhora s\u00ed compa\u00f1eros, iniciamos de manera formal nuestra revisi\u00f3n contractual, salarial y violaciones\u201d, difundi\u00f3 en un grupo de Whatsapp a los agremiados.<\/p>\n\n\n\n<p>Ser\u00eda ma\u00f1ana lunes en que iniciar\u00edan las pl\u00e1ticas conciliatorias entre la UABJO y el STEUABJO, pero a\u00fan no se define con cual de los dos grupos negociar\u00eda la Universidad y la Junta Local. De no haber pr\u00f3rroga o respuesta a las demandas, en los primeros minutos del 1 de febrero estallar\u00eda la huelga en la m\u00e1xima casa de estudios, pese a que las clases en su mayor\u00eda se realizan de manera virtual a los m\u00e0s de 25 mil estudiantes de bachillerato y nivel superior.<\/p>\n","protected":false},"excerpt":{"rendered":"<p>Ismael Garc\u00eda M.\/Zona Roja. Oaxaca de Ju\u00e1rez, Oax., 30 de enero de 2022.- Este lunes&hellip;<\/p>\n","protected":false},"author":2,"featured_media":36997,"comment_status":"closed","ping_status":"open","sticky":false,"template":"","format":"standard","meta":{"_lmt_disableupdate":"","_lmt_disable":"","_jetpack_memberships_contains_paid_content":false,"footnotes":""},"categories":[109,47],"tags":[1286],"class_list":["post-36996","post","type-post","status-publish","format-standard","has-post-thumbnail","hentry","category-minuto-a-minuto","category-zona-gris","tag-sindicato-de-trabajadores-y-empleados-de-la-uabjo-steuabjo"],"jetpack_featured_media_url":"https:\/\/zonaroja.com.mx\/wp-content\/uploads\/2022\/01\/STEUABJO-huelga-PRI.jpg","jetpack_sharing_enabled":true,"_links":{"self":[{"href":"https:\/\/zonaroja.com.mx\/index.php?rest_route=\/wp\/v2\/posts\/36996","targetHints":{"allow":["GET"]}}],"collection":[{"href":"https:\/\/zonaroja.com.mx\/index.php?rest_route=\/wp\/v2\/posts"}],"about":[{"href":"https:\/\/zonaroja.com.mx\/index.php?rest_route=\/wp\/v2\/types\/post"}],"author":[{"embeddable":true,"href":"https:\/\/zonaroja.com.mx\/index.php?rest_route=\/wp\/v2\/users\/2"}],"replies":[{"embeddable":true,"href":"https:\/\/zonaroja.com.mx\/index.php?rest_route=%2Fwp%2Fv2%2Fcomments&post=36996"}],"version-history":[{"count":1,"href":"https:\/\/zonaroja.com.mx\/index.php?rest_route=\/wp\/v2\/posts\/36996\/revisions"}],"predecessor-version":[{"id":36998,"href":"https:\/\/zonaroja.com.mx\/index.php?rest_route=\/wp\/v2\/posts\/36996\/revisions\/36998"}],"wp:featuredmedia":[{"embeddable":true,"href":"https:\/\/zonaroja.com.mx\/index.php?rest_route=\/wp\/v2\/media\/36997"}],"wp:attachment":[{"href":"https:\/\/zonaroja.com.mx\/index.php?rest_route=%2Fwp%2Fv2%2Fmedia&parent=36996"}],"wp:term":[{"taxonomy":"category","embeddable":true,"href":"https:\/\/zonaroja.com.mx\/index.php?rest_route=%2Fwp%2Fv2%2Fcategories&post=36996"},{"taxonomy":"post_tag","embeddable":true,"href":"https:\/\/zonaroja.com.mx\/index.php?rest_route=%2Fwp%2Fv2%2Ftags&post=36996"}],"curies":[{"name":"wp","href":"https:\/\/api.w.org\/{rel}","templated":true}]}}