{"id":3701,"date":"2019-09-05T09:20:02","date_gmt":"2019-09-05T14:20:02","guid":{"rendered":"http:\/\/www.zonaroja.com.mx\/?p=3701"},"modified":"2019-09-05T09:20:04","modified_gmt":"2019-09-05T14:20:04","slug":"alarmante-aumento-de-robo-de-celulares-en-oaxaca","status":"publish","type":"post","link":"https:\/\/zonaroja.com.mx\/?p=3701","title":{"rendered":"Alarmante aumento de robo de celulares en Oaxaca"},"content":{"rendered":"\n<p>Ismael\nGarc\u00eda\/Zona Roja.<\/p>\n\n\n\n<p>San Raymundo\nJalpan, Oax., 5 de septiembre de 2019.- El robo de tel\u00e9fonos celulares y otros\ndispositivos electr\u00f3nicos registra un aumento alarmante y hasta ahora no hay un\nordenamiento espec\u00edfico que castigue este delito.<\/p>\n\n\n\n<p>De acuerdo\ncon datos de la Fiscal\u00eda General del Estado, en el a\u00f1o 2018 abri\u00f3 577 carpetas\nde investigaci\u00f3n por esos casos, pero en los primeros cuatro meses del a\u00f1o\nsuman ya 680 carpetas.<\/p>\n\n\n\n<p>Lo anterior\nlo detall\u00f3 la diputada por Morena, Laura Estrada Mauro, quien expuso que el\nincremento se debe a que son dispositivos electr\u00f3nicos de uso port\u00e1til, y esa\nmisma portabilidad los hace susceptibles de ser objeto sustra\u00eddos a los\npropietarios con mayor facilidad.<\/p>\n\n\n\n<p>En la regi\u00f3n\nValles Centrales se registr\u00f3 el m\u00e1s alto n\u00famero de robos, alcanzando el 49 por\nciento de los casos, siguiendo el Istmo y la Costa, con 14% y 12% respectivamente.\nLa mayor\u00eda de los casos, el delito se ha cometido en \u00e1reas concurridas y en\nunidades del transporte p\u00fablico.<\/p>\n\n\n\n<p>Expuso como\nprincipales caracter\u00edsticas de este fen\u00f3meno delictivo:<\/p>\n\n\n\n<p>I. La\nfacilidad de venta de los dispositivos que fueron robados en mercados\ninformales; existe el comercio ilegal de equipos electr\u00f3nicos en el estado y en\nel caso de equipos celulares es m\u00e1s f\u00e1cil la comercializaci\u00f3n debido a su\nutilizaci\u00f3n como una herramienta para la comunicaci\u00f3n telef\u00f3nica.<\/p>\n\n\n\n<p>II. La\ncreciente disponibilidad de los bienes robados; relacionado al uso creciente y\nmasivo de estos equipos en todos los estratos socioecon\u00f3micos.<\/p>\n\n\n\n<p>III. El alto\nvalor de estos bienes en el mercado formal, les otorga un alto atractivo para\nser considerado como materia de sustracci\u00f3n.<\/p>\n\n\n\n<p>IV. La\nvisibilidad y accesibilidad, ya que son bienes port\u00e1tiles de uso cotidiano, con\nmucha frecuencia en la v\u00eda p\u00fablica, esto los hace mayormente visibles y\naccesibles para la delincuencia.<\/p>\n\n\n\n<p>La\npresidenta de la Junta de Coordinaci\u00f3n Pol\u00edtica de la 64 Legislatura de Oaxaca\nagreg\u00f3 que a nivel nacional, el robo de celulares est\u00e1 asociado directamente\ncon el robo a transe\u00fante, y en 2018 fueron sustra\u00eddos 627 mil 920 m\u00f3viles, de\nacuerdo con datos de la Asociaci\u00f3n Nacional de Telecomunicaciones de M\u00e9xico.<\/p>\n\n\n\n<p>Por ello,\nplante\u00f3 una iniciativa con proyecto de decreto por el que se adicionan los art\u00edculos\n357 Ter y 357 Quater al Cap\u00edtulo I Del T\u00edtulo Decimonoveno intitulado \u201cDelitos\nen contra de las personas en su patrimonio\u201d, del C\u00f3digo Penal para el Estado\nLibre y Soberano de Oaxaca, por el cual se tipificar\u00e1 como delito:<\/p>\n\n\n\n<p>1. El robo\nde dispositivos electr\u00f3nicos de telefon\u00eda celular, tabletas digitales y\ncomputadoras port\u00e1tiles.<\/p>\n\n\n\n<p>2. La\nalteraci\u00f3n o modificaci\u00f3n de la documentaci\u00f3n, los datos o partes de\nidentificaci\u00f3n del dispositivo electr\u00f3nico de que se trate.<\/p>\n\n\n\n<p>3. La\nmanipulaci\u00f3n, modificaci\u00f3n o desactivaci\u00f3n del sistema operativo, las\ncontrase\u00f1as de seguridad o las claves para acceder al dispositivo robado.<\/p>\n\n\n\n<p>4. La compra\no venta de dispositivos electr\u00f3nicos robados.<\/p>\n\n\n\n<p>Precis\u00f3 adem\u00e1s que se establecen punibilidades espec\u00edficas para cada hip\u00f3tesis, as\u00ed como agravantes en caso de reincidencia o cuando el delito sea cometido respecto de una pluralidad de bienes jur\u00eddico<\/p>\n\n\n\n<p>La iniciativa fue turnada este mi\u00e9rcoles a las comisiones respectivas, para su estudio y posterior dictaminaci\u00f3n.<\/p>\n","protected":false},"excerpt":{"rendered":"<p>Ismael Garc\u00eda\/Zona Roja. San Raymundo Jalpan, Oax., 5 de septiembre de 2019.- El robo de&hellip;<\/p>\n","protected":false},"author":2,"featured_media":3702,"comment_status":"closed","ping_status":"open","sticky":false,"template":"","format":"standard","meta":{"_lmt_disableupdate":"","_lmt_disable":"","_jetpack_memberships_contains_paid_content":false,"footnotes":""},"categories":[109,47],"tags":[674],"class_list":["post-3701","post","type-post","status-publish","format-standard","has-post-thumbnail","hentry","category-minuto-a-minuto","category-zona-gris","tag-laura-estada-mauro"],"jetpack_featured_media_url":"https:\/\/zonaroja.com.mx\/wp-content\/uploads\/2019\/09\/Image-1-6.png","jetpack_sharing_enabled":true,"_links":{"self":[{"href":"https:\/\/zonaroja.com.mx\/index.php?rest_route=\/wp\/v2\/posts\/3701","targetHints":{"allow":["GET"]}}],"collection":[{"href":"https:\/\/zonaroja.com.mx\/index.php?rest_route=\/wp\/v2\/posts"}],"about":[{"href":"https:\/\/zonaroja.com.mx\/index.php?rest_route=\/wp\/v2\/types\/post"}],"author":[{"embeddable":true,"href":"https:\/\/zonaroja.com.mx\/index.php?rest_route=\/wp\/v2\/users\/2"}],"replies":[{"embeddable":true,"href":"https:\/\/zonaroja.com.mx\/index.php?rest_route=%2Fwp%2Fv2%2Fcomments&post=3701"}],"version-history":[{"count":1,"href":"https:\/\/zonaroja.com.mx\/index.php?rest_route=\/wp\/v2\/posts\/3701\/revisions"}],"predecessor-version":[{"id":3703,"href":"https:\/\/zonaroja.com.mx\/index.php?rest_route=\/wp\/v2\/posts\/3701\/revisions\/3703"}],"wp:featuredmedia":[{"embeddable":true,"href":"https:\/\/zonaroja.com.mx\/index.php?rest_route=\/wp\/v2\/media\/3702"}],"wp:attachment":[{"href":"https:\/\/zonaroja.com.mx\/index.php?rest_route=%2Fwp%2Fv2%2Fmedia&parent=3701"}],"wp:term":[{"taxonomy":"category","embeddable":true,"href":"https:\/\/zonaroja.com.mx\/index.php?rest_route=%2Fwp%2Fv2%2Fcategories&post=3701"},{"taxonomy":"post_tag","embeddable":true,"href":"https:\/\/zonaroja.com.mx\/index.php?rest_route=%2Fwp%2Fv2%2Ftags&post=3701"}],"curies":[{"name":"wp","href":"https:\/\/api.w.org\/{rel}","templated":true}]}}