{"id":37010,"date":"2022-01-31T07:12:51","date_gmt":"2022-01-31T13:12:51","guid":{"rendered":"http:\/\/www.zonaroja.com.mx\/?p=37010"},"modified":"2022-01-31T07:12:54","modified_gmt":"2022-01-31T13:12:54","slug":"como-oswaldo-garcia-jarquin-martinez-neri-le-echa-la-policia-a-ambulantes","status":"publish","type":"post","link":"https:\/\/zonaroja.com.mx\/?p=37010","title":{"rendered":"Como Oswaldo Garc\u00eda Jarqu\u00edn, Mart\u00ednez Neri le echa la polic\u00eda a ambulantes"},"content":{"rendered":"\n<p>Ismael Garc\u00eda M.\/Zona Roja.<\/p>\n\n\n\n<p>Oaxaca de Ju\u00e1rez, Oax., 31 de enero de 2022.- Al igual que lo hizo Oswaldo Garc\u00eda Jarqu\u00edn a medio a\u00f1o de concluir su mandato, el edil morenista Francisco Mart\u00ednez Neri utiliz\u00f3 a los polic\u00edas para retirar puestos ambulantes en el Centro Hist\u00f3rico, pese que al inicio de su gesti\u00f3n hab\u00eda dicho que privilegiar\u00eda el di\u00e1logo.<\/p>\n\n\n\n<p>En lo que ser\u00eda la continuaci\u00f3n del operativo policiaco \u201cAlfa\u201d, alrededor de las 01:00 horas de hoy, cientos de uniformados quitaron estructuras de las calles Bustamante, Miguel Cabrera y Aldama, entre otros.<\/p>\n\n\n\n<p>Los materiales y mercanc\u00edas fueron trasladadas a una bodega del ayuntamiento de Oaxaca de Ju\u00e1rez.<\/p>\n\n\n\n<p>El retiro de puestos fue \u00fanicamente de la lideresa de ambulantes Carmela Luj\u00e1n, identificada con el PRI, mientras que de organizaciones como el Frente Popular \u201c14 de Junio\u201d, de la Uni\u00f3n de Artesanos y Comerciantes Oaxaque\u00f1os en Lucha (UACOL) y \u201cSol Rojo\u201d, permanecen en el z\u00f3calo y otros espacios.<\/p>\n\n\n\n<p>Hasta el momento el ayuntamiento que preside Mart\u00ednez Neri y que inici\u00f3 funciones el 1 de enero pasado, no ha emitido informaci\u00f3n al respecto.<\/p>\n\n\n\n<p>Fue el tambi\u00e9n morenista Oswaldo Garc\u00eda Jarqu\u00edn quien inici\u00f3, el pasado 15 de julio, el retiro de ambulantes principalmente del z\u00f3calo, la Alameda de Le\u00f3n y el Andador Tur\u00edstico.<\/p>\n\n\n\n<p>Sin embargo, los desalojados se instalaron en calles aleda\u00f1as, donde contin\u00faa la mayor\u00eda, sin que haya una soluci\u00f3n de fondo a la problem\u00e1tica del comercio informal.<\/p>\n","protected":false},"excerpt":{"rendered":"<p>Ismael Garc\u00eda M.\/Zona Roja. Oaxaca de Ju\u00e1rez, Oax., 31 de enero de 2022.- Al igual&hellip;<\/p>\n","protected":false},"author":2,"featured_media":37011,"comment_status":"closed","ping_status":"open","sticky":false,"template":"","format":"standard","meta":{"_lmt_disableupdate":"","_lmt_disable":"","_jetpack_memberships_contains_paid_content":false,"footnotes":""},"categories":[109,47],"tags":[148],"class_list":["post-37010","post","type-post","status-publish","format-standard","has-post-thumbnail","hentry","category-minuto-a-minuto","category-zona-gris","tag-oaxaca-de-juarez"],"jetpack_featured_media_url":"https:\/\/zonaroja.com.mx\/wp-content\/uploads\/2022\/01\/Retiro-ambulantes-zocalo-Oaxaca.jpg","jetpack_sharing_enabled":true,"_links":{"self":[{"href":"https:\/\/zonaroja.com.mx\/index.php?rest_route=\/wp\/v2\/posts\/37010","targetHints":{"allow":["GET"]}}],"collection":[{"href":"https:\/\/zonaroja.com.mx\/index.php?rest_route=\/wp\/v2\/posts"}],"about":[{"href":"https:\/\/zonaroja.com.mx\/index.php?rest_route=\/wp\/v2\/types\/post"}],"author":[{"embeddable":true,"href":"https:\/\/zonaroja.com.mx\/index.php?rest_route=\/wp\/v2\/users\/2"}],"replies":[{"embeddable":true,"href":"https:\/\/zonaroja.com.mx\/index.php?rest_route=%2Fwp%2Fv2%2Fcomments&post=37010"}],"version-history":[{"count":1,"href":"https:\/\/zonaroja.com.mx\/index.php?rest_route=\/wp\/v2\/posts\/37010\/revisions"}],"predecessor-version":[{"id":37013,"href":"https:\/\/zonaroja.com.mx\/index.php?rest_route=\/wp\/v2\/posts\/37010\/revisions\/37013"}],"wp:featuredmedia":[{"embeddable":true,"href":"https:\/\/zonaroja.com.mx\/index.php?rest_route=\/wp\/v2\/media\/37011"}],"wp:attachment":[{"href":"https:\/\/zonaroja.com.mx\/index.php?rest_route=%2Fwp%2Fv2%2Fmedia&parent=37010"}],"wp:term":[{"taxonomy":"category","embeddable":true,"href":"https:\/\/zonaroja.com.mx\/index.php?rest_route=%2Fwp%2Fv2%2Fcategories&post=37010"},{"taxonomy":"post_tag","embeddable":true,"href":"https:\/\/zonaroja.com.mx\/index.php?rest_route=%2Fwp%2Fv2%2Ftags&post=37010"}],"curies":[{"name":"wp","href":"https:\/\/api.w.org\/{rel}","templated":true}]}}