{"id":37015,"date":"2022-01-31T08:07:02","date_gmt":"2022-01-31T14:07:02","guid":{"rendered":"http:\/\/www.zonaroja.com.mx\/?p=37015"},"modified":"2022-01-31T08:08:13","modified_gmt":"2022-01-31T14:08:13","slug":"y-las-precampanas-de-los-que-aspiran-gobernar-oaxaca","status":"publish","type":"post","link":"https:\/\/zonaroja.com.mx\/?p=37015","title":{"rendered":"\u00bfY las precampa\u00f1as de los que aspiran gobernar Oaxaca?"},"content":{"rendered":"\n<p>Ismael Garc\u00eda M.\/Zona Roja.<\/p>\n\n\n\n<p>Oaxaca de Ju\u00e1rez, Oax., 31 de enero de 2022.- Quedan pr\u00e1cticamente 10 d\u00edas de precampa\u00f1a, pero hasta ahora de los al menos ocho aspirantes a la gubernatura de Oaxaca, nada se sabe.<\/p>\n\n\n\n<p>Este lapso inici\u00f3 el 2 de enero y vence el pr\u00f3ximo 10 de febrero, seg\u00fan el calendario del proceso electoral 2021-2022, tras lo cual viene el registro de candidaturas, del 1 al 15 de marzo; en el periodo intermedio, los candidatos independientes buscar\u00e1n el apoyo ciudadano.<\/p>\n\n\n\n<p>Un mes perdido para todos los partidos pol\u00edticos, varios de los cuales, como el PAN, PRD y Nueva Alianza, a\u00fan juegan a formar o no una fuerza conjunta para apoyar una candidatura com\u00fan, pues el plazo de las alianzas ya termin\u00f3.<\/p>\n\n\n\n<p>LOS MORENOS<\/p>\n\n\n\n<p>Un mes y d\u00edas ha perdido el Partido Morena, enfrascado, tanto a nivel nacional como estatal, en los pleitos internos para la precandidatura disfrazada de coordinador de comit\u00e9s de defensa de la Cuarta Transformaci\u00f3n.<\/p>\n\n\n\n<p>Pero a\u00fan vencidos en el \u00e1mbito local los argumentos legales &#8211;el pasado 28 de enero&#8211; para que un precandidato \u00fanico pudiera hacer precampa\u00f1a, Salom\u00f3n Jara prefiri\u00f3 seguir resguardado.<\/p>\n\n\n\n<p>Sea por el temor de que pudieran fructificar a nivel federal las impugnaciones de la senadora Susana Harp Iturribarr\u00eda &#8211;que por cierto tambi\u00e9n recibi\u00f3 reveses el pasado viernes, por parte del Tribunal Electoral del Estado&#8211;, sea porque prefiere guardar fuerzas para la campa\u00f1a formal, que ser\u00e1 del 3 de abril al 1 de junio.<\/p>\n\n\n\n<p>El caso es que tres d\u00edas despu\u00e9s de la determinaci\u00f3n del Tribunal local, Jara solamente poste\u00f3 un video muy general y hasta la noche del domingo no se sab\u00eda de ninguna actividad p\u00fablica de precampa\u00f1a.<\/p>\n\n\n\n<p>Mientras tanto, quien le ha propinado varios reveses al equipo jur\u00eddico de morenistas, encabezados por Geovany V\u00e1squez Sagrero, es Alberto Esteva Salina, quien palmo a palmo y con paciencia, recurre a diversas instancias electorales, que paulatinamente desnudan el \u201cdedazo\u201d para la precandidatura.<\/p>\n\n\n\n<p>PRIISTAS Y COVID<\/p>\n\n\n\n<p>En cambio, apenas fueron registrados dos precandidatos, el pasado 20 de enero, Alejandro Avil\u00e9s \u00c1lvarez y Etelberto G\u00f3mez, al primero de ellos no le ha importado la pandemia del Covid-19 y ha juntado gente por todos lares, incluso en la Cuenca, donde recibi\u00f3 el apoyo de seguidores de su compadre, Gustavo D\u00edaz S\u00e1nchez, hoy preso en Michoac\u00e1n acusado de diversos delitos.<\/p>\n\n\n\n<p>El tal Etelberto G\u00f3mez nada se sabe; el \u00e1rea de prensa del PRI est\u00e1 m\u00e1s que callada y ni siquiera se conoce el perfil del segundo aspirante, como tampoco de alguna actividad que realice. Acaso fue designado para salvar el escollo anterior de que un precandidato \u00fanico no pod\u00eda hacer precampa\u00f1a, pero lo cual es innecesario, desde el pasado viernes.<\/p>\n\n\n\n<p>Avil\u00e9s y su equipo de campa\u00f1a, separado hasta ahora de la dirigencia estatal del PRI, pues no se ha visto en ning\u00fan acto p\u00fablico a Javier Villaca\u00f1a Jim\u00e9nez, acarrean al viejo estilo del partido a cualquier cantidad de gente.<\/p>\n\n\n\n<p>No hay imaginaci\u00f3n ni ideas para, primero, no poner en riesgo la salud de la poblaci\u00f3n ante la cuarta ola de Covid y, segundo, para modernizar los mecanismos para llevar el mensaje a la gente.<\/p>\n\n\n\n<p>TRES TRISTES<\/p>\n\n\n\n<p>El PAN juega a ser independiente del poder estatal, sin que nadie les crea, y recibi\u00f3 el registro de tres aspirantes, la dirigente del partido y diputada local &#8211;decidida a consolidar su cacicazgo familiar&#8211; Natividad D\u00edaz Jim\u00e9nez, Gerardo Garc\u00eda Henestrosa y Carlos Moreno Alc\u00e1ntara.<\/p>\n\n\n\n<p>Por alguna instrucci\u00f3n superior, decidieron no sumarse al PRI y al PRD, como lo han hecho anta\u00f1o, para ir supuestamente solos por la gubernatura, sin que los n\u00fameros le den.<\/p>\n\n\n\n<p>El d\u00eda 20 de enero, junto con Nueva Alianza y el PRD, anunciaron una posible uni\u00f3n para una candidatura com\u00fan, pero al d\u00eda siguiente vino su dirigente nacional Marko Cort\u00e9s a la capital oaxaque\u00f1a, quien desestim\u00f3 tal y dijo que se har\u00eda s\u00f3lo si alg\u00fan panista encabeza los esfuerzos.\u00a0<\/p>\n\n\n\n<p>LA CHIQUILLADA<\/p>\n\n\n\n<p>Al PRD no se le conoce otro aspirante m\u00e1s que Elo\u00ed V\u00e1squez L\u00f3pez, eterno perredista y de los pocos fieles al Sol Azteca, pero a la fecha no registra ninguna actividad p\u00fablica. Est\u00e1, irremediablemente, a la espera de unirse a otros partidos, el o los que sean.<\/p>\n\n\n\n<p>Nueva Alianza hasta ahora no tiene precandidato y su dirigente, Bersah\u00edn L\u00f3pez, desliz\u00f3 que podr\u00eda ser postulado pero a\u00fan no hay nada oficial.<\/p>\n\n\n\n<p>Mientras que Movimiento Ciudadano, sin presencia pol\u00edtica, decidi\u00f3 cobijar a la ex panista Alejandra Garc\u00eda Morlan, que s\u00f3lo se ha dedicado a dar conferencias de prensa, para tener publicidad gratuita.<\/p>\n\n\n\n<p>En suma, de los ocho, dos de ellas mujeres, todos contin\u00faan en la abulia\u2026 preludio de una aut\u00e9ntica guerra que viene.<\/p>\n","protected":false},"excerpt":{"rendered":"<p>Ismael Garc\u00eda M.\/Zona Roja. Oaxaca de Ju\u00e1rez, Oax., 31 de enero de 2022.- Quedan pr\u00e1cticamente&hellip;<\/p>\n","protected":false},"author":2,"featured_media":7610,"comment_status":"closed","ping_status":"open","sticky":false,"template":"","format":"standard","meta":{"_lmt_disableupdate":"","_lmt_disable":"","_jetpack_memberships_contains_paid_content":false,"footnotes":""},"categories":[456,109,48],"tags":[1353],"class_list":["post-37015","post","type-post","status-publish","format-standard","has-post-thumbnail","hentry","category-columna","category-minuto-a-minuto","category-zona-critica","tag-opinion-zona-critica"],"jetpack_featured_media_url":"https:\/\/zonaroja.com.mx\/wp-content\/uploads\/2020\/01\/Opini\u00f3n-Zona-Cr\u00edtica.jpg","jetpack_sharing_enabled":true,"_links":{"self":[{"href":"https:\/\/zonaroja.com.mx\/index.php?rest_route=\/wp\/v2\/posts\/37015","targetHints":{"allow":["GET"]}}],"collection":[{"href":"https:\/\/zonaroja.com.mx\/index.php?rest_route=\/wp\/v2\/posts"}],"about":[{"href":"https:\/\/zonaroja.com.mx\/index.php?rest_route=\/wp\/v2\/types\/post"}],"author":[{"embeddable":true,"href":"https:\/\/zonaroja.com.mx\/index.php?rest_route=\/wp\/v2\/users\/2"}],"replies":[{"embeddable":true,"href":"https:\/\/zonaroja.com.mx\/index.php?rest_route=%2Fwp%2Fv2%2Fcomments&post=37015"}],"version-history":[{"count":2,"href":"https:\/\/zonaroja.com.mx\/index.php?rest_route=\/wp\/v2\/posts\/37015\/revisions"}],"predecessor-version":[{"id":37018,"href":"https:\/\/zonaroja.com.mx\/index.php?rest_route=\/wp\/v2\/posts\/37015\/revisions\/37018"}],"wp:featuredmedia":[{"embeddable":true,"href":"https:\/\/zonaroja.com.mx\/index.php?rest_route=\/wp\/v2\/media\/7610"}],"wp:attachment":[{"href":"https:\/\/zonaroja.com.mx\/index.php?rest_route=%2Fwp%2Fv2%2Fmedia&parent=37015"}],"wp:term":[{"taxonomy":"category","embeddable":true,"href":"https:\/\/zonaroja.com.mx\/index.php?rest_route=%2Fwp%2Fv2%2Fcategories&post=37015"},{"taxonomy":"post_tag","embeddable":true,"href":"https:\/\/zonaroja.com.mx\/index.php?rest_route=%2Fwp%2Fv2%2Ftags&post=37015"}],"curies":[{"name":"wp","href":"https:\/\/api.w.org\/{rel}","templated":true}]}}