{"id":37024,"date":"2022-01-31T13:48:13","date_gmt":"2022-01-31T19:48:13","guid":{"rendered":"https:\/\/www.zonaroja.com.mx\/?p=37024"},"modified":"2022-01-31T13:48:15","modified_gmt":"2022-01-31T19:48:15","slug":"retan-ambulantes-a-gobierno-capitalino-y-se-reinstalan-en-el-centro-historico","status":"publish","type":"post","link":"https:\/\/zonaroja.com.mx\/?p=37024","title":{"rendered":"Retan ambulantes a gobierno capitalino y se reinstalan en el Centro Hist\u00f3rico"},"content":{"rendered":"\n<p>Yuridiana Sosa\/Zona Roja.&nbsp;<\/p>\n\n\n\n<p>Oaxaca de Ju\u00e1rez, Oax., 31 de enero de 2022.- Frente a los ojos de elementos de la Polic\u00eda Municipal de la capital, un comerciante levantaba la estructura de su puesto ambulante al tiempo que hac\u00eda o\u00eddos sordos al llamado de la autoridad para no hacerlo. Su firmeza venci\u00f3 el operativo contra vendedores en v\u00eda p\u00fablica.<\/p>\n\n\n\n<p>Acompa\u00f1ado de otros vendedores, un vendedor con 30 a\u00f1os de estar en las calles de la capital, reinstal\u00f3 su punto de venta en la calle de Aldama tras el operativo \u201cAlfa\u201d, efectuado por la Polic\u00eda Municipal en esa vialidad, en la calle Bustamante, Miguel Cabrera, entre otras, la madrugada de&nbsp;este lunes.<\/p>\n\n\n\n<p>El llamado de dos uniformados para que evitaran su reinstalaci\u00f3n fue in\u00fatil y superados en n\u00famero se retiraron para dejar que el jefe de familia continuara con su labor.<\/p>\n\n\n\n<p>\u201c\u00a1Piso parejo!\u201d, reclam\u00f3 el vendedor para la realizaci\u00f3n de estos operativos, en los que casualmente s\u00f3lo desalojaron a los ambulantes adheridos a organizaciones afines al Partido Revolucionario Institucional (PRI), mientras que otras, como Frente Popular \u201c14 de Junio\u201d, de la Uni\u00f3n de Artesanos y Comerciantes Oaxaque\u00f1os en Lucha (UACOL) y \u201cSol Rojo\u201d, permanecen en el z\u00f3calo y otros espacios.<\/p>\n\n\n\n<figure class=\"wp-block-embed\"><div class=\"wp-block-embed__wrapper\">\n<div class=\"twitter-tweet\"><blockquote class=\"twitter-tweet\" data-lang=\"es\"><p lang=\"es\" dir=\"ltr\"><a href=\"https:\/\/twitter.com\/hashtag\/%C3%9AltimoMinuto?src=hash&amp;ref_src=twsrc%5Etfw\">#\u00daltimoMinuto<\/a> <br>Retan vendedores ambulantes al gobierno municipal que encabeza Francisco Mart\u00ednez Neri y se reinstalan en la calle de Aldama y de Miguel Cabrera de la ciudad de <a href=\"https:\/\/twitter.com\/hashtag\/Oaxaca?src=hash&amp;ref_src=twsrc%5Etfw\">#Oaxaca<\/a>, pese a la presencia policiaca. <a href=\"https:\/\/t.co\/lbJjr2BddK\">pic.twitter.com\/lbJjr2BddK<\/a><\/p>&mdash; Zona Roja Oaxaca (@Zona_Roja_Oax) <a href=\"https:\/\/twitter.com\/Zona_Roja_Oax\/status\/1488198915165933571?ref_src=twsrc%5Etfw\">31 de enero de 2022<\/a><\/blockquote><\/div>\n<\/div><\/figure>\n\n\n\n<p>Molesto ante la decisi\u00f3n del gobierno que encabeza Francisco Mart\u00ednez Neri, de Morena, y con documentos en mano sobre sus permisos para vender, el hombre reta a las autoridades a que aplique las leyes en iguales circunstancias y respete el di\u00e1logo que prometi\u00f3 ante cualquier decisi\u00f3n.&nbsp;<\/p>\n\n\n\n<p>La valent\u00eda del hombre no es por sentir el respaldo de la organizaci\u00f3n a la que pertenece, pues asegura que la dirigencia de Grupo L\u00e1zaro C\u00e1rdenas del R\u00edo (Lazcar), de Israel Ram\u00edrez Brancamontes, no ha hecho presencia; la valent\u00eda del vendedor es porque este puesto es su \u00fanica fuente de ingresos desde hace m\u00e1s de tres d\u00e9cadas.<\/p>\n\n\n\n<p>MUJERES VENCEN DESALOJO&nbsp;<\/p>\n\n\n\n<p>Por varios minutos, la tensi\u00f3n se mantuvo en diferentes puntos del Centro Hist\u00f3rico donde los puestos fueron retirados. <\/p>\n\n\n\n<figure class=\"wp-block-embed\"><div class=\"wp-block-embed__wrapper\">\n<div class=\"twitter-tweet\"><blockquote class=\"twitter-tweet\" data-lang=\"es\"><p lang=\"es\" dir=\"ltr\"><a href=\"https:\/\/twitter.com\/hashtag\/%C3%9AltimoMinuto?src=hash&amp;ref_src=twsrc%5Etfw\">#\u00daltimoMinuto<\/a> <br>En la calle 20 de Noviembre, a una cuadra de la Alameda, comerciantes informales retirados por la madrugada en la ciudad de <a href=\"https:\/\/twitter.com\/hashtag\/Oaxaca?src=hash&amp;ref_src=twsrc%5Etfw\">#Oaxaca<\/a>, se organizan para movilizarse y exigir respeto a sus espacios; algunos de sus dirigentes se comportan violentos con la prensa. <a href=\"https:\/\/t.co\/u9KQs3aceO\">pic.twitter.com\/u9KQs3aceO<\/a><\/p>&mdash; Zona Roja Oaxaca (@Zona_Roja_Oax) <a href=\"https:\/\/twitter.com\/Zona_Roja_Oax\/status\/1488204635080953858?ref_src=twsrc%5Etfw\">31 de enero de 2022<\/a><\/blockquote><\/div>\n<\/div><\/figure>\n\n\n\n<p>Uno de estos se registr\u00f3 en la&nbsp;calle de 20&nbsp;de noviembre y Aldama, donde en un di\u00e1logo improvisado con autoridades municipales-rodeada de elementos policiales- un grupo de mujeres comerciantes dirigido por Carmela Luj\u00e1n lograron la permanencia de sus puestos.<\/p>\n\n\n\n<p>Las comerciantes aglutinadas en un grupo af\u00edn al PRI defendieron la reinstalaci\u00f3n de sus puestos y reclamaron que el edil no antepuso el di\u00e1logo previo a sus decisiones.&nbsp;<\/p>\n\n\n\n<p>La representante del gobierno municipal apenas logr\u00f3 hablar para llegar a un acuerdo casi impuesto por las vendedoras, en el que la autoridad s\u00f3lo logr\u00f3 impedir la reinstalaci\u00f3n de m\u00e1s estructuras y respetar las que durante las primeras horas de la ma\u00f1ana lograron armar.<\/p>\n\n\n\n<figure class=\"wp-block-embed\"><div class=\"wp-block-embed__wrapper\">\n<div class=\"twitter-tweet\"><blockquote class=\"twitter-tweet\" data-lang=\"es\"><p lang=\"es\" dir=\"ltr\"><a href=\"https:\/\/twitter.com\/hashtag\/%C3%9AltimoMinuto?src=hash&amp;ref_src=twsrc%5Etfw\">#\u00daltimoMinuto<\/a> <br>Se movilizan comerciantes ambulantes en la capital oaxaque\u00f1a.<br>Dialogan con representante del <a href=\"https:\/\/twitter.com\/MunicipioOaxaca?ref_src=twsrc%5Etfw\">@MunicipioOaxaca<\/a>, pero sin acuerdos y se retira la funcionaria.<br>Los comerciantes conviene regresar a los espacios de los que fueron desalojados la madrugada. <a href=\"https:\/\/t.co\/Eyy8us4WaS\">pic.twitter.com\/Eyy8us4WaS<\/a><\/p>&mdash; Zona Roja Oaxaca (@Zona_Roja_Oax) <a href=\"https:\/\/twitter.com\/Zona_Roja_Oax\/status\/1488217897172353025?ref_src=twsrc%5Etfw\">31 de enero de 2022<\/a><\/blockquote><\/div>\n<\/div><\/figure>\n","protected":false},"excerpt":{"rendered":"<p>Yuridiana Sosa\/Zona Roja.&nbsp; Oaxaca de Ju\u00e1rez, Oax., 31 de enero de 2022.- Frente a los&hellip;<\/p>\n","protected":false},"author":2,"featured_media":37023,"comment_status":"closed","ping_status":"open","sticky":false,"template":"","format":"standard","meta":{"_lmt_disableupdate":"","_lmt_disable":"","_jetpack_memberships_contains_paid_content":false,"footnotes":""},"categories":[109,47],"tags":[],"class_list":["post-37024","post","type-post","status-publish","format-standard","has-post-thumbnail","hentry","category-minuto-a-minuto","category-zona-gris"],"jetpack_featured_media_url":"https:\/\/zonaroja.com.mx\/wp-content\/uploads\/2022\/01\/774a4d24-b7d7-4f93-aa1a-e574f7d1484a.jpg","jetpack_sharing_enabled":true,"_links":{"self":[{"href":"https:\/\/zonaroja.com.mx\/index.php?rest_route=\/wp\/v2\/posts\/37024","targetHints":{"allow":["GET"]}}],"collection":[{"href":"https:\/\/zonaroja.com.mx\/index.php?rest_route=\/wp\/v2\/posts"}],"about":[{"href":"https:\/\/zonaroja.com.mx\/index.php?rest_route=\/wp\/v2\/types\/post"}],"author":[{"embeddable":true,"href":"https:\/\/zonaroja.com.mx\/index.php?rest_route=\/wp\/v2\/users\/2"}],"replies":[{"embeddable":true,"href":"https:\/\/zonaroja.com.mx\/index.php?rest_route=%2Fwp%2Fv2%2Fcomments&post=37024"}],"version-history":[{"count":1,"href":"https:\/\/zonaroja.com.mx\/index.php?rest_route=\/wp\/v2\/posts\/37024\/revisions"}],"predecessor-version":[{"id":37025,"href":"https:\/\/zonaroja.com.mx\/index.php?rest_route=\/wp\/v2\/posts\/37024\/revisions\/37025"}],"wp:featuredmedia":[{"embeddable":true,"href":"https:\/\/zonaroja.com.mx\/index.php?rest_route=\/wp\/v2\/media\/37023"}],"wp:attachment":[{"href":"https:\/\/zonaroja.com.mx\/index.php?rest_route=%2Fwp%2Fv2%2Fmedia&parent=37024"}],"wp:term":[{"taxonomy":"category","embeddable":true,"href":"https:\/\/zonaroja.com.mx\/index.php?rest_route=%2Fwp%2Fv2%2Fcategories&post=37024"},{"taxonomy":"post_tag","embeddable":true,"href":"https:\/\/zonaroja.com.mx\/index.php?rest_route=%2Fwp%2Fv2%2Ftags&post=37024"}],"curies":[{"name":"wp","href":"https:\/\/api.w.org\/{rel}","templated":true}]}}