{"id":37026,"date":"2022-01-31T17:22:49","date_gmt":"2022-01-31T23:22:49","guid":{"rendered":"http:\/\/www.zonaroja.com.mx\/?p=37026"},"modified":"2022-01-31T17:22:50","modified_gmt":"2022-01-31T23:22:50","slug":"crece-tension-en-zona-triqui-por-supuesto-ataque-multi-se-deslinda","status":"publish","type":"post","link":"https:\/\/zonaroja.com.mx\/?p=37026","title":{"rendered":"Crece tensi\u00f3n en zona Triqui por supuesto ataque; MULTI se deslinda"},"content":{"rendered":"\n<p>Yuridiana Sosa\/Zona Roja.<\/p>\n\n\n\n<p>Oaxaca de Ju\u00e1rez, Oax., 31 de enero de 2022.- Desplazados de Tierra Blanca Copala y el Movimiento de Unificaci\u00f3n Lucha Triqui Independiente (MULTI) se deslindaron de los se\u00f1alamientos del Movimiento de Unificaci\u00f3n y Lucha Triqui (MULT) al culparlos del ataque armado en dicha comunidad de Santiago Juxtlahuaca, en la regi\u00f3n Mixteca, ocurrido este domingo.<\/p>\n\n\n\n<p>Esta es la segunda agresi\u00f3n armada reportada por el MULT en el transcurso de dos semanas; la pasada ocurri\u00f3 el 17 de enero, donde de igual forma acusa a ese grupo contrario, el cual neg\u00f3 lo dicho.<\/p>\n\n\n\n<p>Lo organizaci\u00f3n MULTI, que permanece en plant\u00f3n en el z\u00f3calo de la capital del pa\u00eds, sostuvo que \u201cno es casualidad que hay actores que no les conviene que un proyecto de pacificaci\u00f3n prospere la naci\u00f3n Triqui, pues atenta contra sus intereses y har\u00e1n lo posible por derribarlo\u201d.<\/p>\n\n\n\n<p>Por medio de un comunicado, el MULTI apunt\u00f3 que conocieron del ataque por medio de redes sociales, el cual en caso de ser ver\u00eddico, condenaron, pues pone en riesgo el proyecto de paz y el regreso a su comunidad para 143 familias.<\/p>\n\n\n\n<p>Ante la persistencia de las denuncias del MULT de supuestos ataques, el grupo Independiente demand\u00f3 a las autoridades que las investigaciones de los hechos tambi\u00e9n abarquen las fracturas internas de esa organizaci\u00f3n, las cuales se est\u00e1n aprovechando para arrebatarle el poder a la dirigencia.<\/p>\n\n\n\n<p>As\u00ed como que el trabajo a favor de la comunidad est\u00e9 acompa\u00f1ado por la seguridad p\u00fablica, como la Guardia Nacional, para resguardar la integridad f\u00edsica de la poblaci\u00f3n en general.<\/p>\n\n\n\n<p>El MULTI reiter\u00f3 que el pasado 25 de enero enviaron al gobierno de M\u00e9xico una propuesta de pacificaci\u00f3n y que creen en el di\u00e1logo como la v\u00eda para materializar la propuesta presentada.<\/p>\n","protected":false},"excerpt":{"rendered":"<p>Yuridiana Sosa\/Zona Roja. Oaxaca de Ju\u00e1rez, Oax., 31 de enero de 2022.- Desplazados de Tierra&hellip;<\/p>\n","protected":false},"author":2,"featured_media":37027,"comment_status":"closed","ping_status":"open","sticky":false,"template":"","format":"standard","meta":{"_lmt_disableupdate":"","_lmt_disable":"","_jetpack_memberships_contains_paid_content":false,"footnotes":""},"categories":[109,47],"tags":[2411],"class_list":["post-37026","post","type-post","status-publish","format-standard","has-post-thumbnail","hentry","category-minuto-a-minuto","category-zona-gris","tag-movimiento-de-unificacion-y-lucha-triqui-independiente-multi"],"jetpack_featured_media_url":"https:\/\/zonaroja.com.mx\/wp-content\/uploads\/2022\/01\/MULTI-Movimiento-de-Unificacion-y-Lucha-Triqui-Independiente.jpg","jetpack_sharing_enabled":true,"_links":{"self":[{"href":"https:\/\/zonaroja.com.mx\/index.php?rest_route=\/wp\/v2\/posts\/37026","targetHints":{"allow":["GET"]}}],"collection":[{"href":"https:\/\/zonaroja.com.mx\/index.php?rest_route=\/wp\/v2\/posts"}],"about":[{"href":"https:\/\/zonaroja.com.mx\/index.php?rest_route=\/wp\/v2\/types\/post"}],"author":[{"embeddable":true,"href":"https:\/\/zonaroja.com.mx\/index.php?rest_route=\/wp\/v2\/users\/2"}],"replies":[{"embeddable":true,"href":"https:\/\/zonaroja.com.mx\/index.php?rest_route=%2Fwp%2Fv2%2Fcomments&post=37026"}],"version-history":[{"count":1,"href":"https:\/\/zonaroja.com.mx\/index.php?rest_route=\/wp\/v2\/posts\/37026\/revisions"}],"predecessor-version":[{"id":37028,"href":"https:\/\/zonaroja.com.mx\/index.php?rest_route=\/wp\/v2\/posts\/37026\/revisions\/37028"}],"wp:featuredmedia":[{"embeddable":true,"href":"https:\/\/zonaroja.com.mx\/index.php?rest_route=\/wp\/v2\/media\/37027"}],"wp:attachment":[{"href":"https:\/\/zonaroja.com.mx\/index.php?rest_route=%2Fwp%2Fv2%2Fmedia&parent=37026"}],"wp:term":[{"taxonomy":"category","embeddable":true,"href":"https:\/\/zonaroja.com.mx\/index.php?rest_route=%2Fwp%2Fv2%2Fcategories&post=37026"},{"taxonomy":"post_tag","embeddable":true,"href":"https:\/\/zonaroja.com.mx\/index.php?rest_route=%2Fwp%2Fv2%2Ftags&post=37026"}],"curies":[{"name":"wp","href":"https:\/\/api.w.org\/{rel}","templated":true}]}}