{"id":37029,"date":"2022-01-31T19:29:17","date_gmt":"2022-02-01T01:29:17","guid":{"rendered":"http:\/\/www.zonaroja.com.mx\/?p=37029"},"modified":"2022-01-31T19:29:20","modified_gmt":"2022-02-01T01:29:20","slug":"salen-de-nuevo-a-las-calles-los-normalistas-exigen-plazas-directas","status":"publish","type":"post","link":"https:\/\/zonaroja.com.mx\/?p=37029","title":{"rendered":"Salen de nuevo a las calles los normalistas; exigen plazas directas"},"content":{"rendered":"\n<p>Yuridiana Sosa\/Zona Roja.<\/p>\n\n\n\n<p>Oaxaca de Ju\u00e1rez, Oax., 31 de enero de 2022.- Cientos de estudiantes normalistas de Oaxaca marcharon este lunes en la capital del estado para exigir al Gobierno del Estado la contrataci\u00f3n directa de los egresados de las generaciones 2017 a 2021.<\/p>\n\n\n\n<p>Representados en la Coordinadora Estudiantil Normalista del Estado de Oaxaca (CENEO), los futuros docentes se desplazaron entre consignas del antiguo edificio del Instituto Estatal de Educaci\u00f3n de Oaxaca (IEEPO), en Santa Luc\u00eda del Camino, al z\u00f3calo de la capital.<\/p>\n\n\n\n<p>Los estudiantes de las 11 normales de la entidad justificaron que hasta el momento las autoridades estatales no han ofrecido ninguna propuesta de un contrato que les ofrezca \u201ctranquilidad\u201d sobre su contrataci\u00f3n.<\/p>\n\n\n\n<p>Durante su manifestaci\u00f3n, lo normalistas tambi\u00e9n denunciaron el \u201cabandono\u201d de la Comisi\u00f3n Pol\u00edtica de la Secci\u00f3n 22 del Sindicato Nacional de Trabajadores de la Educaci\u00f3n (SNTE), respecto a las demandas de los estudiantes, por lo que ahora deben movilizarse por cuenta propia.<\/p>\n\n\n\n<p>Contraria a otras ocasiones, durante la marcha no se registraron incidente.<\/p>\n\n\n\n<p>Por su parte, la autoridad estatal por medio del IEEPO asegur\u00f3 que mantiene atenci\u00f3n a las peticiones de los normalistas, a quienes ha beneficiado con 529 contratos a egresados de la generaci\u00f3n 2019-2020 y rezagados, con un total de dos mil 577 normalistas atendidos en el transcurso de los tres a\u00f1os anteriores.<\/p>\n","protected":false},"excerpt":{"rendered":"<p>Yuridiana Sosa\/Zona Roja. Oaxaca de Ju\u00e1rez, Oax., 31 de enero de 2022.- Cientos de estudiantes&hellip;<\/p>\n","protected":false},"author":2,"featured_media":37030,"comment_status":"closed","ping_status":"open","sticky":false,"template":"","format":"standard","meta":{"_lmt_disableupdate":"","_lmt_disable":"","_jetpack_memberships_contains_paid_content":false,"footnotes":""},"categories":[109,47],"tags":[1926],"class_list":["post-37029","post","type-post","status-publish","format-standard","has-post-thumbnail","hentry","category-minuto-a-minuto","category-zona-gris","tag-coordinadora-estudiantil-normalista-del-estado-de-oaxaca-ceneo"],"jetpack_featured_media_url":"https:\/\/zonaroja.com.mx\/wp-content\/uploads\/2022\/01\/Marcha-normalistas-Oaxaca.jpg","jetpack_sharing_enabled":true,"_links":{"self":[{"href":"https:\/\/zonaroja.com.mx\/index.php?rest_route=\/wp\/v2\/posts\/37029","targetHints":{"allow":["GET"]}}],"collection":[{"href":"https:\/\/zonaroja.com.mx\/index.php?rest_route=\/wp\/v2\/posts"}],"about":[{"href":"https:\/\/zonaroja.com.mx\/index.php?rest_route=\/wp\/v2\/types\/post"}],"author":[{"embeddable":true,"href":"https:\/\/zonaroja.com.mx\/index.php?rest_route=\/wp\/v2\/users\/2"}],"replies":[{"embeddable":true,"href":"https:\/\/zonaroja.com.mx\/index.php?rest_route=%2Fwp%2Fv2%2Fcomments&post=37029"}],"version-history":[{"count":1,"href":"https:\/\/zonaroja.com.mx\/index.php?rest_route=\/wp\/v2\/posts\/37029\/revisions"}],"predecessor-version":[{"id":37031,"href":"https:\/\/zonaroja.com.mx\/index.php?rest_route=\/wp\/v2\/posts\/37029\/revisions\/37031"}],"wp:featuredmedia":[{"embeddable":true,"href":"https:\/\/zonaroja.com.mx\/index.php?rest_route=\/wp\/v2\/media\/37030"}],"wp:attachment":[{"href":"https:\/\/zonaroja.com.mx\/index.php?rest_route=%2Fwp%2Fv2%2Fmedia&parent=37029"}],"wp:term":[{"taxonomy":"category","embeddable":true,"href":"https:\/\/zonaroja.com.mx\/index.php?rest_route=%2Fwp%2Fv2%2Fcategories&post=37029"},{"taxonomy":"post_tag","embeddable":true,"href":"https:\/\/zonaroja.com.mx\/index.php?rest_route=%2Fwp%2Fv2%2Ftags&post=37029"}],"curies":[{"name":"wp","href":"https:\/\/api.w.org\/{rel}","templated":true}]}}