{"id":37058,"date":"2022-02-01T08:07:10","date_gmt":"2022-02-01T14:07:10","guid":{"rendered":"http:\/\/www.zonaroja.com.mx\/?p=37058"},"modified":"2022-02-01T08:07:12","modified_gmt":"2022-02-01T14:07:12","slug":"demandan-en-ocotlan-frenar-nepotismo-y-desestabilizaciones","status":"publish","type":"post","link":"https:\/\/zonaroja.com.mx\/?p=37058","title":{"rendered":"Demandan en Ocotl\u00e1n frenar nepotismo y desestabilizaciones"},"content":{"rendered":"\n<p>Redacci\u00f3n\/Zona Roja.<\/p>\n\n\n\n<p>Oaxaca de Ju\u00e1rez, Oax., 1 de febrero de 2022.- Habitantes del municipio de Ocotl\u00e1n de Morelos, piden a la Fiscal\u00eda General del Estado de Oaxaca (FGEO)&nbsp; y autoridades educativas correspondientes, investigar y&nbsp; sancionar al ciudadano Agust\u00edn R\u00edos Cruz,&nbsp; por presuntamente realizar actos de extorsi\u00f3n, nepotismo&nbsp; y crear conflictos para desestabilizar dicha comunidad, con fines pol\u00edticos y satisfacer sus intereses personales.<\/p>\n\n\n\n<p>Los inconformes se\u00f1alaron que R\u00edos Cruz, ostent\u00e1ndose como \u201cluchador social\u201d&nbsp; integrante del Comit\u00e9 de Defensa de los Derechos del Pueblo ( CODEP), y&nbsp; tambi\u00e9n como hermano de Ladislao R\u00edos Cruz, suplente del actual Presidente Municipal y secretario particular en funciones, ha cometido diversos abusos en contra de los pobladores al quererse apropiar indebidamente de las instalaciones del Centro de Atenci\u00f3n M\u00faltiple (CAM) n\u00famero 43, que se ubica en dicho municipio.<\/p>\n\n\n\n<p>Indicaron que a inicios de este a\u00f1o,&nbsp; al que califican como pseudo luchador social, Agust\u00edn R\u00edos, realiz\u00f3 una protesta que inici\u00f3 en el kiosko municipal de Ocotl\u00e1n de Morelos y despu\u00e9s se traslad\u00f3 al corredor municipal, para exigir la entrega de las instalaciones del CAM n\u00famero 43.<\/p>\n\n\n\n<p>Lo anterior con el objetivo de anular los acuerdos alcanzados entre los padres de familia de los alumnos de esta instituci\u00f3n, autoridades municipales,&nbsp; la Secretar\u00eda General de Gobierno,(Segego) y el Instituto Estatal de Educaci\u00f3n P\u00fablica de Oaxaca (IEEPO).<\/p>\n\n\n\n<p>Los padres de familia se\u00f1alan&nbsp; el inter\u00e9s de Agust\u00edn R\u00edos, es asegurar la permanencia de la directora del CAM n\u00famero 43, pese al rechazo de las y los docentes y padres de familia de esta instituci\u00f3n y crear un conflicto&nbsp; social en Ocotl\u00e1n de Morelos, que favorezca pol\u00edticamente a su hermano.<\/p>\n\n\n\n<p>\u201cNo queremos que personas ajenas al pueblo vengan a causar problemas, el quiere venir a desestabilizar a la gente y sacar provecho, como lo hizo en San Jos\u00e9 del Progreso, hay denuncias en su contra, que se ponga a trabajar el se\u00f1or Agust\u00edn R\u00edos, que se vaya del pueblo, que no afecte la educaci\u00f3n\u201d expresaron las y los afectados.<\/p>\n\n\n\n<p>Por esta situaci\u00f3n las y los pobladores, de Ocotl\u00e1n de Morelos y padres de familia de alumnos del CAM n\u00famero 43,&nbsp; piden&nbsp; a las autoridades correspondientes tomar cartas en el asunto y evitar que crezca el conflicto que inici\u00f3 el tambi\u00e9n padre de un alumno de este&nbsp; centro educativo. Cabe mencionar que Agust\u00edn R\u00edos Cruz, cuenta con diversas&nbsp; \u00f3rdenes de aprensi\u00f3n, ante la Fiscal\u00eda General del Estado de Oaxaca, una de ellas se da&nbsp; cuenta en el expediente 19 \/2009.<\/p>\n","protected":false},"excerpt":{"rendered":"<p>Redacci\u00f3n\/Zona Roja. Oaxaca de Ju\u00e1rez, Oax., 1 de febrero de 2022.- Habitantes del municipio de&hellip;<\/p>\n","protected":false},"author":2,"featured_media":37059,"comment_status":"closed","ping_status":"open","sticky":false,"template":"","format":"standard","meta":{"_lmt_disableupdate":"","_lmt_disable":"","_jetpack_memberships_contains_paid_content":false,"footnotes":""},"categories":[109,47],"tags":[835],"class_list":["post-37058","post","type-post","status-publish","format-standard","has-post-thumbnail","hentry","category-minuto-a-minuto","category-zona-gris","tag-ocotlan-de-morelos"],"jetpack_featured_media_url":"https:\/\/zonaroja.com.mx\/wp-content\/uploads\/2022\/02\/Ocotlan-de-Morelos.jpg","jetpack_sharing_enabled":true,"_links":{"self":[{"href":"https:\/\/zonaroja.com.mx\/index.php?rest_route=\/wp\/v2\/posts\/37058","targetHints":{"allow":["GET"]}}],"collection":[{"href":"https:\/\/zonaroja.com.mx\/index.php?rest_route=\/wp\/v2\/posts"}],"about":[{"href":"https:\/\/zonaroja.com.mx\/index.php?rest_route=\/wp\/v2\/types\/post"}],"author":[{"embeddable":true,"href":"https:\/\/zonaroja.com.mx\/index.php?rest_route=\/wp\/v2\/users\/2"}],"replies":[{"embeddable":true,"href":"https:\/\/zonaroja.com.mx\/index.php?rest_route=%2Fwp%2Fv2%2Fcomments&post=37058"}],"version-history":[{"count":1,"href":"https:\/\/zonaroja.com.mx\/index.php?rest_route=\/wp\/v2\/posts\/37058\/revisions"}],"predecessor-version":[{"id":37060,"href":"https:\/\/zonaroja.com.mx\/index.php?rest_route=\/wp\/v2\/posts\/37058\/revisions\/37060"}],"wp:featuredmedia":[{"embeddable":true,"href":"https:\/\/zonaroja.com.mx\/index.php?rest_route=\/wp\/v2\/media\/37059"}],"wp:attachment":[{"href":"https:\/\/zonaroja.com.mx\/index.php?rest_route=%2Fwp%2Fv2%2Fmedia&parent=37058"}],"wp:term":[{"taxonomy":"category","embeddable":true,"href":"https:\/\/zonaroja.com.mx\/index.php?rest_route=%2Fwp%2Fv2%2Fcategories&post=37058"},{"taxonomy":"post_tag","embeddable":true,"href":"https:\/\/zonaroja.com.mx\/index.php?rest_route=%2Fwp%2Fv2%2Ftags&post=37058"}],"curies":[{"name":"wp","href":"https:\/\/api.w.org\/{rel}","templated":true}]}}