{"id":37061,"date":"2022-02-01T08:11:53","date_gmt":"2022-02-01T14:11:53","guid":{"rendered":"http:\/\/www.zonaroja.com.mx\/?p=37061"},"modified":"2022-02-01T08:11:55","modified_gmt":"2022-02-01T14:11:55","slug":"firma-sspo-convenio-intermunicipal-fara-fortalecer-seguridad","status":"publish","type":"post","link":"https:\/\/zonaroja.com.mx\/?p=37061","title":{"rendered":"Firma SSPO convenio intermunicipal fara fortalecer seguridad"},"content":{"rendered":"\n<p>Redacci\u00f3n\/Zona Roja.<\/p>\n\n\n\n<p>Oaxaca de Ju\u00e1rez, Oax. 1 de febrero de 2022.- Como parte de los mecanismos de coordinaci\u00f3n entre la Secretar\u00eda de Seguridad y Protecci\u00f3n Ciudadana (SSyPC) para la construcci\u00f3n de la paz y seguridad, el Gobierno del Estado que encabeza, Alejandro Murat Hinojosa, a trav\u00e9s de la Secretar\u00eda de Seguridad P\u00fablica de Oaxaca (SSPO), firmaron un convenio intermunicipal sobre los mecanismos de coordinaci\u00f3n en materia de seguridad p\u00fablica, vialidad y protecci\u00f3n ciudadana.<\/p>\n\n\n\n<p>Lo anterior, con el objetivo de establecer las acciones conjuntas operativas e institucionales en la regi\u00f3n de los Valles Centrales, a fin de proteger, salvaguardar y garantizar la integridad y patrimonio de la ciudadan\u00eda oaxaque\u00f1a.<\/p>\n\n\n\n<p>Como resultado de referido esquema de coordinaci\u00f3n, se establecer\u00e1n acciones de seguridad con los municipios que conforman la octava regi\u00f3n de coordinaci\u00f3n territorial para la construcci\u00f3n de la paz y seguridad, tales como Oaxaca de Ju\u00e1rez, Santa Luc\u00eda del Camino, Santa Cruz Xoxocotl\u00e1n, Santa Mar\u00eda Atzompa y San Agust\u00edn de las Juntas, Santo Domingo Tomaltepec, San Andres Huayapam, San Sebasti\u00e1n Tutla, \u00c1nimas Trujano y San Pedro Ixtlahuaca.<\/p>\n\n\n\n<p>Asimismo, en dicha alianza estrat\u00e9gica se contar\u00e1 con la participaci\u00f3n de la Secretar\u00eda de la Defensa Nacional (Sedena) y Guardia Nacional (GN).<\/p>\n\n\n\n<p>Con ello, la SSPO da seguimiento y cumplimiento oportuno a la estrategia de seguridad que impulsa el gobierno estatal, para inhibir la incidencia delictiva y construir el orden y la paz en la capital y municipios conurbados.<\/p>\n\n\n\n<p>(Comunicado)<\/p>\n","protected":false},"excerpt":{"rendered":"<p>Redacci\u00f3n\/Zona Roja. Oaxaca de Ju\u00e1rez, Oax. 1 de febrero de 2022.- Como parte de los&hellip;<\/p>\n","protected":false},"author":2,"featured_media":37062,"comment_status":"closed","ping_status":"open","sticky":false,"template":"","format":"standard","meta":{"_lmt_disableupdate":"","_lmt_disable":"","_jetpack_memberships_contains_paid_content":false,"footnotes":""},"categories":[109,46],"tags":[1421],"class_list":["post-37061","post","type-post","status-publish","format-standard","has-post-thumbnail","hentry","category-minuto-a-minuto","category-zona-blanca","tag-secretaria-de-seguridad-publica-de-oaxaca-sspo"],"jetpack_featured_media_url":"https:\/\/zonaroja.com.mx\/wp-content\/uploads\/2022\/02\/convenio-3.jpg","jetpack_sharing_enabled":true,"_links":{"self":[{"href":"https:\/\/zonaroja.com.mx\/index.php?rest_route=\/wp\/v2\/posts\/37061","targetHints":{"allow":["GET"]}}],"collection":[{"href":"https:\/\/zonaroja.com.mx\/index.php?rest_route=\/wp\/v2\/posts"}],"about":[{"href":"https:\/\/zonaroja.com.mx\/index.php?rest_route=\/wp\/v2\/types\/post"}],"author":[{"embeddable":true,"href":"https:\/\/zonaroja.com.mx\/index.php?rest_route=\/wp\/v2\/users\/2"}],"replies":[{"embeddable":true,"href":"https:\/\/zonaroja.com.mx\/index.php?rest_route=%2Fwp%2Fv2%2Fcomments&post=37061"}],"version-history":[{"count":1,"href":"https:\/\/zonaroja.com.mx\/index.php?rest_route=\/wp\/v2\/posts\/37061\/revisions"}],"predecessor-version":[{"id":37063,"href":"https:\/\/zonaroja.com.mx\/index.php?rest_route=\/wp\/v2\/posts\/37061\/revisions\/37063"}],"wp:featuredmedia":[{"embeddable":true,"href":"https:\/\/zonaroja.com.mx\/index.php?rest_route=\/wp\/v2\/media\/37062"}],"wp:attachment":[{"href":"https:\/\/zonaroja.com.mx\/index.php?rest_route=%2Fwp%2Fv2%2Fmedia&parent=37061"}],"wp:term":[{"taxonomy":"category","embeddable":true,"href":"https:\/\/zonaroja.com.mx\/index.php?rest_route=%2Fwp%2Fv2%2Fcategories&post=37061"},{"taxonomy":"post_tag","embeddable":true,"href":"https:\/\/zonaroja.com.mx\/index.php?rest_route=%2Fwp%2Fv2%2Ftags&post=37061"}],"curies":[{"name":"wp","href":"https:\/\/api.w.org\/{rel}","templated":true}]}}