{"id":37064,"date":"2022-02-01T18:22:14","date_gmt":"2022-02-02T00:22:14","guid":{"rendered":"http:\/\/www.zonaroja.com.mx\/?p=37064"},"modified":"2022-02-01T18:22:17","modified_gmt":"2022-02-02T00:22:17","slug":"se-rebelan-ambulantes-del-14-de-junio-contra-operativos-y-montan-planton","status":"publish","type":"post","link":"https:\/\/zonaroja.com.mx\/?p=37064","title":{"rendered":"Se rebelan ambulantes del \u201c14 de Junio\u201d contra operativos y montan \u201cplant\u00f3n\u201d"},"content":{"rendered":"\n<p>Yuridiana Sosa\/Zona Roja.<\/p>\n\n\n\n<p>Oaxaca de Ju\u00e1rez, Oax., 1 de febrero de 2022.- M\u00e1s de 200 comerciantes ambulantes adheridos a la organizaci\u00f3n Frente Popular \u201c14 de Junio\u201d, que resultaron afectados con el desalojo de espacios en el Centro Hist\u00f3rico, instalaron un \u201cplant\u00f3n\u201d en Plaza de la Danza, frente a palacio municipal de la capital.<\/p>\n\n\n\n<p>La manifestaci\u00f3n es en desacuerdo al operativo que el gobierno que encabeza Francisco Mart\u00ednez Neri ha ejecutado contra el ambulantaje durante este lunes y martes, impidiendo la instalaci\u00f3n a 245 vendedores de este grupo, al cual el edil se hab\u00eda comprometido a no desalojar.<\/p>\n\n\n\n<p>Enojados por la violaci\u00f3n a estos supuestos acuerdos por parte de Mart\u00ednez Neri, los vendedores marcharon del z\u00f3calo de la capital a la Plaza de la Danza, donde acordaron instalar un plant\u00f3n indefinido hasta conseguir el regreso a sus puestos.<\/p>\n\n\n\n<p>\u201cSomos v\u00edctimas del desalojo, el querer trabajar no es un delito, es una necesidad\u201d, se\u00f1ala uno de los l\u00edderes de comerciantes frente al representante del gobierno municipal, Luis Arturo \u00c1valos D\u00edaz Covarrubias y ex regidor de Regidor de Bienes, Panteones y Servicios Municipales y de Mercados y Comercio en V\u00eda P\u00fablica en la administraci\u00f3n anterior de Oswaldo Garc\u00eda Jarqu\u00edn.<\/p>\n\n\n\n<figure class=\"wp-block-embed is-type-rich is-provider-twitter wp-block-embed-twitter\"><div class=\"wp-block-embed__wrapper\">\n<div class=\"twitter-tweet\"><blockquote class=\"twitter-tweet\" data-lang=\"es\"><p lang=\"es\" dir=\"ltr\"><a href=\"https:\/\/twitter.com\/hashtag\/%C3%9AltimoMinuto?src=hash&amp;ref_src=twsrc%5Etfw\">#\u00daltimoMinuto<\/a> <br>Tras breve encuentro, se cierra al di\u00e1logo el <a href=\"https:\/\/twitter.com\/MunicipioOaxaca?ref_src=twsrc%5Etfw\">@MunicipioOaxaca<\/a> que preside <a href=\"https:\/\/twitter.com\/FMartinezNeri?ref_src=twsrc%5Etfw\">@FMartinezNeri<\/a>.<br>Ambulantes del Frente Popular \u201c14 de Junio\u201d acuerdan instalar \u201cplant\u00f3n\u201d permanente en la Plaza de la Danza. <a href=\"https:\/\/t.co\/Ajh6xcpxQe\">pic.twitter.com\/Ajh6xcpxQe<\/a><\/p>&mdash; Zona Roja Oaxaca (@Zona_Roja_Oax) <a href=\"https:\/\/twitter.com\/Zona_Roja_Oax\/status\/1488603848952352775?ref_src=twsrc%5Etfw\">1 de febrero de 2022<\/a><\/blockquote><\/div>\n<\/div><\/figure>\n\n\n\n<p>Las mujeres y hombres reclamaron la falta de di\u00e1logo previo al operativo, sin embargo, el funcionario apunt\u00f3 que existe la disposici\u00f3n para platicar con todas las organizaciones.<\/p>\n\n\n\n<p>D\u00edaz Covarrubias intent\u00f3 convencer a los comerciantes sobre su regularizaci\u00f3n, utilizando el argumento que Oaxaca podr\u00eda perder el registro de Patrimonio Cultural de la Humanidad, pero no funcion\u00f3.<\/p>\n\n\n\n<p>Tambi\u00e9n, los trat\u00f3 de convencerlos desde la comprensi\u00f3n de dejar trabajar a quienes cuentan con alguna autorizaci\u00f3n y comenzar la regularizaci\u00f3n del resto para que no siga en la ilegalidad, as\u00ed como asignarles lugares en \u00e1reas permitidas, pero tampoco fue efectivo.<\/p>\n\n\n\n<p>La organizaci\u00f3n reconoci\u00f3 que no contaba con permisos por imposibilidades con otras administraciones, pero su prioridad en seguir trabajando, a\u00fan sin permisos.<\/p>\n\n\n\n<p>En tanto, un grupo de mujeres triquis tambi\u00e9n arrib\u00f3 a Plaza de la Danza en busca que la autoridad municipal les devuelva su mercanc\u00eda decomisada.<\/p>\n","protected":false},"excerpt":{"rendered":"<p>Yuridiana Sosa\/Zona Roja. Oaxaca de Ju\u00e1rez, Oax., 1 de febrero de 2022.- M\u00e1s de 200&hellip;<\/p>\n","protected":false},"author":2,"featured_media":37065,"comment_status":"closed","ping_status":"open","sticky":false,"template":"","format":"standard","meta":{"_lmt_disableupdate":"","_lmt_disable":"","_jetpack_memberships_contains_paid_content":false,"footnotes":""},"categories":[109,47],"tags":[148],"class_list":["post-37064","post","type-post","status-publish","format-standard","has-post-thumbnail","hentry","category-minuto-a-minuto","category-zona-gris","tag-oaxaca-de-juarez"],"jetpack_featured_media_url":"https:\/\/zonaroja.com.mx\/wp-content\/uploads\/2022\/02\/Protesta-Frente-Popular-14-de-Junio.jpg","jetpack_sharing_enabled":true,"_links":{"self":[{"href":"https:\/\/zonaroja.com.mx\/index.php?rest_route=\/wp\/v2\/posts\/37064","targetHints":{"allow":["GET"]}}],"collection":[{"href":"https:\/\/zonaroja.com.mx\/index.php?rest_route=\/wp\/v2\/posts"}],"about":[{"href":"https:\/\/zonaroja.com.mx\/index.php?rest_route=\/wp\/v2\/types\/post"}],"author":[{"embeddable":true,"href":"https:\/\/zonaroja.com.mx\/index.php?rest_route=\/wp\/v2\/users\/2"}],"replies":[{"embeddable":true,"href":"https:\/\/zonaroja.com.mx\/index.php?rest_route=%2Fwp%2Fv2%2Fcomments&post=37064"}],"version-history":[{"count":1,"href":"https:\/\/zonaroja.com.mx\/index.php?rest_route=\/wp\/v2\/posts\/37064\/revisions"}],"predecessor-version":[{"id":37066,"href":"https:\/\/zonaroja.com.mx\/index.php?rest_route=\/wp\/v2\/posts\/37064\/revisions\/37066"}],"wp:featuredmedia":[{"embeddable":true,"href":"https:\/\/zonaroja.com.mx\/index.php?rest_route=\/wp\/v2\/media\/37065"}],"wp:attachment":[{"href":"https:\/\/zonaroja.com.mx\/index.php?rest_route=%2Fwp%2Fv2%2Fmedia&parent=37064"}],"wp:term":[{"taxonomy":"category","embeddable":true,"href":"https:\/\/zonaroja.com.mx\/index.php?rest_route=%2Fwp%2Fv2%2Fcategories&post=37064"},{"taxonomy":"post_tag","embeddable":true,"href":"https:\/\/zonaroja.com.mx\/index.php?rest_route=%2Fwp%2Fv2%2Ftags&post=37064"}],"curies":[{"name":"wp","href":"https:\/\/api.w.org\/{rel}","templated":true}]}}