{"id":37067,"date":"2022-02-01T19:22:37","date_gmt":"2022-02-02T01:22:37","guid":{"rendered":"http:\/\/www.zonaroja.com.mx\/?p=37067"},"modified":"2022-02-01T19:22:40","modified_gmt":"2022-02-02T01:22:40","slug":"tras-19-dias-retenido-entrega-san-martin-peras-a-presidente-municipal","status":"publish","type":"post","link":"https:\/\/zonaroja.com.mx\/?p=37067","title":{"rendered":"Tras 19 d\u00edas retenido, entrega San Mart\u00edn Peras a presidente municipal"},"content":{"rendered":"\n<p>Yuridiana Sosa\/Zona Roja.<\/p>\n\n\n\n<p>Oaxaca de Ju\u00e1rez, Oax., 1 de febrero de 2022.- Tras los hechos violentos ayer en la sede del Congreso y dos reuniones en la Secretar\u00eda General de Gobierno en las \u00faltimas horas, pobladores de San Mart\u00edn Peras liberaron al edil Rom\u00e1n Ju\u00e1rez Cruz.<\/p>\n\n\n\n<p>El presidente municipal fue obligado a firmar su renuncia desde hace m\u00e1s de dos semanas en una asamblea comunitaria, pese a lo cual fue retenido por 19 d\u00edas, adem\u00e1s de encarcelado.<\/p>\n\n\n\n<p>Esta ma\u00f1ana el mun\u00edcipe y sus captores acudieron a las oficinas ubicadas en Ciudad Administrativa, Tlalixtac de Cabrera, para entregar al edil y posteriormente, la Segego lo puso a disposici\u00f3n de la Defensor\u00eda de los Derechos Humanos del Pueblo de Oaxaca.<\/p>\n\n\n\n<p>Previo a ello, antes de ingresar a la reuni\u00f3nen Ciudad Administrativa, el presidente neg\u00f3 ante medios de comunicaci\u00f3n haber sufrido violencia por parte de sus habitantes durante los d\u00edas que permaneci\u00f3 retenido en la c\u00e1rcel municipal.<\/p>\n\n\n\n<p>Ju\u00e1rez Cruz tampoco ofreci\u00f3 detalles del conflicto en su municipio sobre la inconformidad de la poblaci\u00f3n por presunto desv\u00edo de recursos y lo que habr\u00eda orillado a la comunidad a retenerlo por m\u00e1s de dos semanas, transcurso en el que su familia tambi\u00e9n fue detenida por algunas horas.<\/p>\n\n\n\n<figure class=\"wp-block-embed is-type-rich is-provider-twitter wp-block-embed-twitter\"><div class=\"wp-block-embed__wrapper\">\n<div class=\"twitter-tweet\"><blockquote class=\"twitter-tweet\" data-lang=\"es\"><p lang=\"es\" dir=\"ltr\"><a href=\"https:\/\/twitter.com\/hashtag\/ENVIVO?src=hash&amp;ref_src=twsrc%5Etfw\">#ENVIVO<\/a> <br>Tlalixtac de Cabrera, Oax., 1 de febrero de 2021.- Pobladores de San Mart\u00edn Peras y el a\u00fan edil Rom\u00e1n Ju\u00e1rez Cruz, tienen nueva pl\u00e1tica en la Secretar\u00eda General de Gobierno; intimidado, el presidente niega retenci\u00f3n y violencia. <br>Transmisi\u00f3n:<br>\ud83d\udc47<a href=\"https:\/\/t.co\/Owud95Kdfi\">https:\/\/t.co\/Owud95Kdfi<\/a> <a href=\"https:\/\/t.co\/R8cLp0JXer\">pic.twitter.com\/R8cLp0JXer<\/a><\/p>&mdash; Zona Roja Oaxaca (@Zona_Roja_Oax) <a href=\"https:\/\/twitter.com\/Zona_Roja_Oax\/status\/1488568723715674116?ref_src=twsrc%5Etfw\">1 de febrero de 2022<\/a><\/blockquote><\/div>\n<\/div><\/figure>\n\n\n\n<p>Sin embargo, alcanz\u00f3 a expresar que \u00e9l ya firm\u00f3 su renuncia ante su comunidad y se ha logrado un acuerdo, por lo que hasta hoy el clima social es de tranquilidad.<\/p>\n\n\n\n<p>Ram\u00f3n Ju\u00e1rez, edil desde el 2020, renunci\u00f3 por cuenta propia, asegur\u00f3 uno de los habitantes que acompa\u00f1a a la comisi\u00f3n municipal, quien tambi\u00e9n dijo que nadie ha corrido al edil de la comunidad.<\/p>\n\n\n\n<p>Para el nombramiento de una nueva autoridad, bajo el r\u00e9gimen de Sistemas Normativos Internos (SIN), los habitantes organizar\u00e1n una nueva asamblea, indic\u00f3 el hombre, quien sostiene que, en su comunidad, de m\u00e1s de 12 mil habitantes, no hay obras, ni apoyos de los gobiernos federal y estatal.<\/p>\n\n\n\n<p>Previo al encuentro con la Segego, este lunes los habitantes de San Mart\u00edn Peras tambi\u00e9n arribaron a la sede del Congreso del Estado en San Raymundo Jalpan para exigir el fin del cargo de su presidente municipal.<\/p>\n\n\n\n<p>La protesta se realiz\u00f3 de forma violenta y con la retenci\u00f3n de trabajadores del Congreso Local por el cierre de accesos; presuntamente durante esta manifestaci\u00f3n presentaron al edil amarrado de pies y manos.&nbsp;<\/p>\n","protected":false},"excerpt":{"rendered":"<p>Yuridiana Sosa\/Zona Roja. Oaxaca de Ju\u00e1rez, Oax., 1 de febrero de 2022.- Tras los hechos&hellip;<\/p>\n","protected":false},"author":2,"featured_media":37068,"comment_status":"closed","ping_status":"open","sticky":false,"template":"","format":"standard","meta":{"_lmt_disableupdate":"","_lmt_disable":"","_jetpack_memberships_contains_paid_content":false,"footnotes":""},"categories":[109,47],"tags":[3015,1872],"class_list":["post-37067","post","type-post","status-publish","format-standard","has-post-thumbnail","hentry","category-minuto-a-minuto","category-zona-gris","tag-roman-juarez-cruz","tag-san-martin-peras"],"jetpack_featured_media_url":"https:\/\/zonaroja.com.mx\/wp-content\/uploads\/2022\/02\/Edil-Roman-Juarez-San-Martin-Peras.jpg","jetpack_sharing_enabled":true,"_links":{"self":[{"href":"https:\/\/zonaroja.com.mx\/index.php?rest_route=\/wp\/v2\/posts\/37067","targetHints":{"allow":["GET"]}}],"collection":[{"href":"https:\/\/zonaroja.com.mx\/index.php?rest_route=\/wp\/v2\/posts"}],"about":[{"href":"https:\/\/zonaroja.com.mx\/index.php?rest_route=\/wp\/v2\/types\/post"}],"author":[{"embeddable":true,"href":"https:\/\/zonaroja.com.mx\/index.php?rest_route=\/wp\/v2\/users\/2"}],"replies":[{"embeddable":true,"href":"https:\/\/zonaroja.com.mx\/index.php?rest_route=%2Fwp%2Fv2%2Fcomments&post=37067"}],"version-history":[{"count":1,"href":"https:\/\/zonaroja.com.mx\/index.php?rest_route=\/wp\/v2\/posts\/37067\/revisions"}],"predecessor-version":[{"id":37069,"href":"https:\/\/zonaroja.com.mx\/index.php?rest_route=\/wp\/v2\/posts\/37067\/revisions\/37069"}],"wp:featuredmedia":[{"embeddable":true,"href":"https:\/\/zonaroja.com.mx\/index.php?rest_route=\/wp\/v2\/media\/37068"}],"wp:attachment":[{"href":"https:\/\/zonaroja.com.mx\/index.php?rest_route=%2Fwp%2Fv2%2Fmedia&parent=37067"}],"wp:term":[{"taxonomy":"category","embeddable":true,"href":"https:\/\/zonaroja.com.mx\/index.php?rest_route=%2Fwp%2Fv2%2Fcategories&post=37067"},{"taxonomy":"post_tag","embeddable":true,"href":"https:\/\/zonaroja.com.mx\/index.php?rest_route=%2Fwp%2Fv2%2Ftags&post=37067"}],"curies":[{"name":"wp","href":"https:\/\/api.w.org\/{rel}","templated":true}]}}