{"id":3707,"date":"2019-09-05T15:40:58","date_gmt":"2019-09-05T20:40:58","guid":{"rendered":"http:\/\/www.zonaroja.com.mx\/?p=3707"},"modified":"2019-09-05T15:41:02","modified_gmt":"2019-09-05T20:41:02","slug":"conflictos-agrarios-en-oaxaca-dejan-60-muertos-en-dos-primeros-anos-de-gobierno","status":"publish","type":"post","link":"https:\/\/zonaroja.com.mx\/?p=3707","title":{"rendered":"Conflictos agrarios en Oaxaca dejan 60 muertos en dos primeros a\u00f1os de gobierno"},"content":{"rendered":"\n<p>Evlin\nArag\u00f3n\/Zona Roja. <\/p>\n\n\n\n<p>Oaxaca de\nJu\u00e1rez, Oax., 5 de septiembre de 2019.- Alrededor de 60 personas muertas y siete\nm\u00e1s desaparecidas han dejado como saldo los conflictos agrarios en la entidad,\nen los dos primeros a\u00f1os de la administraci\u00f3n de Alejandro Murat Hinojosa, en\nun recuento hemerogr\u00e1fico desde enero del 2017 a agosto del 2018.<\/p>\n\n\n\n<p>As\u00ed lo dio a\nconocer la organizaci\u00f3n Unidad Identidad y Ra\u00edces de Oaxaca, que detallo que suman\nun aproximado de 400 conflictos localizados fundamentalmente en localidades\npertenecientes a las regiones de Valles Centrales, la Mixteca y la Sierra Sur.<\/p>\n\n\n\n<p>En un\ndocumento difundido, Efra\u00edn Solano Alinarez, representante de la agrupaci\u00f3n,\nasegur\u00f3 que el 81.3 por ciento del territorio estatal se encuentra bajo el\nr\u00e9gimen ejidal o comunal y solo el 18.37% puede catalogarse como propiedad\nprivada, hecho que explica la permanente conflictividad que se manifiesta en el\nestado de Oaxaca, motivada generalmente por la defensa del territorio.<\/p>\n\n\n\n<p>Claro\nejemplo de la conflictividad agraria se presenta actualmente entre San Pedro y\nSan Pablo Ayutla y Tamazul\u00e1pam del Espiritu Santo, situaci\u00f3n que provoco hace\nunos d\u00edas la retenci\u00f3n del Presidente de la Rep\u00fablica, Amdr\u00e9s Manuel L\u00f3pez\nObrador, en una de sus giras por Oaxaca.<\/p>\n\n\n\n<p>As\u00ed mismo,\nlos casos de San Sebasti\u00e1n Nopalera contra Zimatl\u00e1n de L\u00e1zaro C\u00e1rdenas, que se\nventila incluso en la Comisi\u00f3n Interamericana de Derechos Humanos; Santa Mar\u00eda\ndel Mar con San Mateo del Mar; San Mateo Yucutindo\u00f3 contra Santiago Amoltepec;\nSan Francisco del Mar contra San Francisco Ixhuat\u00e1n; y los Chimalapas contra\nlos ganaderos y talamontes de Chiapas, donde destaca la zozobra en que viven\nestas comunidades como resultado de los conflictos en la tenencia de la tierra<\/p>\n\n\n\n<p>Solano Alinarez\nafirm\u00f3 que en los \u00faltimos a\u00f1os se ha acentuado la inconformidad de decenas de\ncomunidades y organizaciones ind\u00edgenas, sobre todo de la regi\u00f3n del Istmo\ndebido a la presencia del capital extranjero que mediante maniobras poco claras\ny con la complicidad del Estado han logrado la concesi\u00f3n de grandes extensiones\nde territorio y suscritos convenios ventajosos para ellos dejando en la\nindefensi\u00f3n a los verdaderos due\u00f1os de las tierras.<\/p>\n\n\n\n<p>\u201cLa falta de\ntransparencia en los convenios, la corrupci\u00f3n de algunas autoridades\nmunicipales y las consultas a modo implementadas por autoridades del gobierno\ndel estado, para favorecer a empresas e\u00f3licas y mineras, han generado\ncontradicciones con los \u00f3rganos de representaci\u00f3n de los n\u00facleos agrarios o al\ninterior de los ejidos o comunidades\u201d, expuso.<\/p>\n\n\n\n<p>En este\nsentido el especialista explic\u00f3 que es urgente que las autoridades estatales y\nfederales reconozcan la forma de gobierno y la autonom\u00eda territorial de los\npueblos, de lo contrario la conflictividad agraria permanecer\u00e1 particularmente\nen el marco de los proyectos del Corredor Trans\u00edstmico, y Desarrollo Minero que\nha propuesto Andr\u00e9s Manuel L\u00f3pez Obrador como parte de sus 25 programas\nprioritarios del gobierno.<\/p>\n\n\n\n<p>\u201cEn Oaxaca\ncon seguridad podemos aseverar que el triunfo o el fracaso de las metas\nsociales del gobierno de Andr\u00e9s Manuel L\u00f3pez Obrador, depender\u00e1 de sus\nrespuestas y&nbsp;&nbsp; resultados que brinde los\nconflictos agrarios\u201d, sentenci\u00f3.<\/p>\n","protected":false},"excerpt":{"rendered":"<p>Evlin Arag\u00f3n\/Zona Roja. Oaxaca de Ju\u00e1rez, Oax., 5 de septiembre de 2019.- Alrededor de 60&hellip;<\/p>\n","protected":false},"author":2,"featured_media":3125,"comment_status":"closed","ping_status":"open","sticky":false,"template":"","format":"standard","meta":{"_lmt_disableupdate":"","_lmt_disable":"","_jetpack_memberships_contains_paid_content":false,"footnotes":""},"categories":[109,51],"tags":[675],"class_list":["post-3707","post","type-post","status-publish","format-standard","has-post-thumbnail","hentry","category-minuto-a-minuto","category-zona-roja","tag-conflictos-agrarios-oaxaca"],"jetpack_featured_media_url":"https:\/\/zonaroja.com.mx\/wp-content\/uploads\/2019\/08\/Machetazo.jpg","jetpack_sharing_enabled":true,"_links":{"self":[{"href":"https:\/\/zonaroja.com.mx\/index.php?rest_route=\/wp\/v2\/posts\/3707","targetHints":{"allow":["GET"]}}],"collection":[{"href":"https:\/\/zonaroja.com.mx\/index.php?rest_route=\/wp\/v2\/posts"}],"about":[{"href":"https:\/\/zonaroja.com.mx\/index.php?rest_route=\/wp\/v2\/types\/post"}],"author":[{"embeddable":true,"href":"https:\/\/zonaroja.com.mx\/index.php?rest_route=\/wp\/v2\/users\/2"}],"replies":[{"embeddable":true,"href":"https:\/\/zonaroja.com.mx\/index.php?rest_route=%2Fwp%2Fv2%2Fcomments&post=3707"}],"version-history":[{"count":1,"href":"https:\/\/zonaroja.com.mx\/index.php?rest_route=\/wp\/v2\/posts\/3707\/revisions"}],"predecessor-version":[{"id":3708,"href":"https:\/\/zonaroja.com.mx\/index.php?rest_route=\/wp\/v2\/posts\/3707\/revisions\/3708"}],"wp:featuredmedia":[{"embeddable":true,"href":"https:\/\/zonaroja.com.mx\/index.php?rest_route=\/wp\/v2\/media\/3125"}],"wp:attachment":[{"href":"https:\/\/zonaroja.com.mx\/index.php?rest_route=%2Fwp%2Fv2%2Fmedia&parent=3707"}],"wp:term":[{"taxonomy":"category","embeddable":true,"href":"https:\/\/zonaroja.com.mx\/index.php?rest_route=%2Fwp%2Fv2%2Fcategories&post=3707"},{"taxonomy":"post_tag","embeddable":true,"href":"https:\/\/zonaroja.com.mx\/index.php?rest_route=%2Fwp%2Fv2%2Ftags&post=3707"}],"curies":[{"name":"wp","href":"https:\/\/api.w.org\/{rel}","templated":true}]}}