{"id":37070,"date":"2022-02-01T20:56:37","date_gmt":"2022-02-02T02:56:37","guid":{"rendered":"http:\/\/www.zonaroja.com.mx\/?p=37070"},"modified":"2022-02-01T20:56:40","modified_gmt":"2022-02-02T02:56:40","slug":"por-falta-de-medicamentos-y-personal-mueren-tres-ninos-con-cancer","status":"publish","type":"post","link":"https:\/\/zonaroja.com.mx\/?p=37070","title":{"rendered":"Por falta de medicamentos y personal, mueren tres ni\u00f1os con c\u00e1ncer"},"content":{"rendered":"\n<p>Redacci\u00f3n\/Informativo 570<\/p>\n\n\n\n<p>Oaxaca de Ju\u00e1rez, Oax., 1 de febrero de 2022.- Angelito ten\u00eda dos a\u00f1os cuando le detectaron c\u00e1ncer en los ojos.<\/p>\n\n\n\n<p>Su pap\u00e1 Tom\u00e1s Ch\u00e1vez, a trav\u00e9s de una protesta, pudo acercarse al gobernador Alejandro Murat Hinojosa el pasado 14 de febrero de 2021: le suplic\u00f3 una onc\u00f3loga para el Hospital de la Ni\u00f1ez &#8211;no hab\u00eda m\u00e9dicos por la pandemia&#8211;, para que pudieran operar a su beb\u00e9 y frenar la enfermedad que antier le arrebat\u00f3 la vida.<\/p>\n\n\n\n<p>Aquel d\u00eda, su s\u00faplica fue escuchada pero no atendida; esper\u00f3 cuatro meses para que operaran a Angelito &#8211;mayo 2021&#8211;, cuatro largos meses que fueron suficiente para que la enfermedad llamada Retinoblastoma consumiera los dos ojitos de su peque\u00f1o hijo.<\/p>\n\n\n\n<p>Pese a que a la traves\u00eda para conseguir su operaci\u00f3n fue dura, el peque\u00f1o no se dej\u00f3 vencer en ese momento y resisti\u00f3, al igual que sus padres, apoyados en la solidaridad de la ciudadan\u00eda y de asociaciones civiles, pero no as\u00ed de los gobiernos, quienes mantienen a la fecha al Hospital de la Ni\u00f1ez con el 35 por ciento de abasto de medicamentos en el \u00e1rea oncol\u00f3gica.<\/p>\n\n\n\n<p>El viacrucis de Angelito, que muri\u00f3 a los tres a\u00f1os, se sum\u00f3 el de Max de cinco a\u00f1os, quien no tuvo medicamentos para hacerle frente a la leucemia.<\/p>\n\n\n\n<p>Sus padres buscaron desesperadamente ayuda por todo los medios posibles, no tuvieron la repuesta esperada, pues el Instituto de Salud para el Bienestar (Insabi) sigue sin atender el llamado de los padres de ni\u00f1os con c\u00e1ncer.<\/p>\n\n\n\n<p>Al igual que Angelito, Max abri\u00f3 las alas y partieron a otro sitio, perdieron la batalla contra el c\u00e1ncer.<\/p>\n\n\n\n<p>Durante el mes de enero tres peque\u00f1os murieron, ante la indolencia de los gobiernos estatal y federal por no garantizar la atenci\u00f3n m\u00e9dica y el abasto de medicamentos en el Hospital de la Ni\u00f1ez.<\/p>\n\n\n\n<p>A este panorama desalentador para 165 familias de ni\u00f1os con c\u00e1ncer en Oaxaca, Elena Garc\u00eda, portavoz de la asociaci\u00f3n civil \u201cCon Causa\u201d, dijo que se suma el cobro que ha implementado el Hospital de la Ni\u00f1ez \u201cDr. Guillermo Zarate Mijangos\u201d por los servicios prestados en el \u00e1rea oncol\u00f3gica.<\/p>\n\n\n\n<p>Por lo que se han refugiado en donaciones, amparos y hasta en querellas ante Derechos Humanos paga no pagar; \u201cel gobierno ha dicho que ya no iba a faltar medicamentos, pero todo ha sido mentira estamos solos, ni el presupuesto asignado al hospital se ha reflejado, seg\u00fan que lo enviar\u00e1n hasta abril\u201d, sostuvo.<\/p>\n\n\n\n<p>Mientras esperan la repuesta de los gobiernos de Alejandro Murat, gobernador de Oaxaca, y de Andr\u00e9s Manuel L\u00f3pez Obrador,<\/p>\n\n\n\n<p>Presidente de M\u00e9xico, hay 165 peque\u00f1os que luchan contra el c\u00e1ncer, de los cuales cinco son nuevos casos que se detectaron en enero, agreg\u00f3 Elena Garc\u00eda, de \u201cCon Causa\u201d.<\/p>\n","protected":false},"excerpt":{"rendered":"<p>Redacci\u00f3n\/Informativo 570 Oaxaca de Ju\u00e1rez, Oax., 1 de febrero de 2022.- Angelito ten\u00eda dos a\u00f1os&hellip;<\/p>\n","protected":false},"author":2,"featured_media":37071,"comment_status":"closed","ping_status":"open","sticky":false,"template":"","format":"standard","meta":{"_lmt_disableupdate":"","_lmt_disable":"","_jetpack_memberships_contains_paid_content":false,"footnotes":""},"categories":[109,47],"tags":[],"class_list":["post-37070","post","type-post","status-publish","format-standard","has-post-thumbnail","hentry","category-minuto-a-minuto","category-zona-gris"],"jetpack_featured_media_url":"https:\/\/zonaroja.com.mx\/wp-content\/uploads\/2022\/02\/Max-fallecido-por-cancer-Oaxaca.jpg","jetpack_sharing_enabled":true,"_links":{"self":[{"href":"https:\/\/zonaroja.com.mx\/index.php?rest_route=\/wp\/v2\/posts\/37070","targetHints":{"allow":["GET"]}}],"collection":[{"href":"https:\/\/zonaroja.com.mx\/index.php?rest_route=\/wp\/v2\/posts"}],"about":[{"href":"https:\/\/zonaroja.com.mx\/index.php?rest_route=\/wp\/v2\/types\/post"}],"author":[{"embeddable":true,"href":"https:\/\/zonaroja.com.mx\/index.php?rest_route=\/wp\/v2\/users\/2"}],"replies":[{"embeddable":true,"href":"https:\/\/zonaroja.com.mx\/index.php?rest_route=%2Fwp%2Fv2%2Fcomments&post=37070"}],"version-history":[{"count":1,"href":"https:\/\/zonaroja.com.mx\/index.php?rest_route=\/wp\/v2\/posts\/37070\/revisions"}],"predecessor-version":[{"id":37072,"href":"https:\/\/zonaroja.com.mx\/index.php?rest_route=\/wp\/v2\/posts\/37070\/revisions\/37072"}],"wp:featuredmedia":[{"embeddable":true,"href":"https:\/\/zonaroja.com.mx\/index.php?rest_route=\/wp\/v2\/media\/37071"}],"wp:attachment":[{"href":"https:\/\/zonaroja.com.mx\/index.php?rest_route=%2Fwp%2Fv2%2Fmedia&parent=37070"}],"wp:term":[{"taxonomy":"category","embeddable":true,"href":"https:\/\/zonaroja.com.mx\/index.php?rest_route=%2Fwp%2Fv2%2Fcategories&post=37070"},{"taxonomy":"post_tag","embeddable":true,"href":"https:\/\/zonaroja.com.mx\/index.php?rest_route=%2Fwp%2Fv2%2Ftags&post=37070"}],"curies":[{"name":"wp","href":"https:\/\/api.w.org\/{rel}","templated":true}]}}