{"id":37073,"date":"2022-02-01T22:03:13","date_gmt":"2022-02-02T04:03:13","guid":{"rendered":"http:\/\/www.zonaroja.com.mx\/?p=37073"},"modified":"2022-02-01T22:03:15","modified_gmt":"2022-02-02T04:03:15","slug":"registra-oaxaca-20-muertes-por-covid-19-en-un-dia","status":"publish","type":"post","link":"https:\/\/zonaroja.com.mx\/?p=37073","title":{"rendered":"Registra Oaxaca 20 muertes por Covid-19 en un d\u00eda"},"content":{"rendered":"\n<p>Redacci\u00f3n\/Zona Roja.<\/p>\n\n\n\n<p>Oaxaca de Ju\u00e1rez, Oax., 1 de febrero de 2022.- La entidad inici\u00f3 el mes de febrero con 20 decesos m\u00e1s a causa de Covid-19 y mil 007 contagios nuevos, informaron los Servicios de Salud de Oaxaca (SSO).<\/p>\n\n\n\n<p>A lo largo de la pandemia, el territorio oaxaque\u00f1o acumul\u00f3 para este martes 102 mil 123 casos confirmados, cinco mil 764 decesos y 89 mil 934 personas que superaron la enfermedad.<\/p>\n\n\n\n<p>De acuerdo con cifras de la evoluci\u00f3n de la emergencia sanitaria en la entidad, a la fecha hay seis mil 425 personas que cursan con esta patolog\u00eda en fase activa en 215 municipios y que pueden contagiar a m\u00e1s personas.<\/p>\n\n\n\n<p>Por Jurisdicci\u00f3n Sanitaria, Valles Centrales registr\u00f3 este d\u00eda 61 mil 366 confirmados, tres mil 895 activos y dos mil 561 defunciones; Istmo, 14 mil 512 confirmados, mil 030 activos y mil 227 defunciones; Tuxtepec, siete mil 792 confirmados, 653 activos, y 579 defunciones; Costa, siete mil 193 confirmados, 384 activos y 481 defunciones; Mixteca, siete mil 879 confirmados, 310 activos y 589 defunciones, mientras que la Sierra registra tres mil 381 confirmados, 153 activos y 327 defunciones.<\/p>\n\n\n\n<figure class=\"wp-block-embed is-type-rich is-provider-twitter wp-block-embed-twitter\"><div class=\"wp-block-embed__wrapper\">\n<div class=\"twitter-tweet\"><blockquote class=\"twitter-tweet\" data-lang=\"es\"><p lang=\"es\" dir=\"ltr\"><a href=\"https:\/\/twitter.com\/hashtag\/%C3%9AltimoMinuto?src=hash&amp;ref_src=twsrc%5Etfw\">#\u00daltimoMinuto<\/a><br>Registra <a href=\"https:\/\/twitter.com\/hashtag\/Oaxaca?src=hash&amp;ref_src=twsrc%5Etfw\">#Oaxaca<\/a> este martes 20 decesos y 1 mil 007 casos positivos a Covid, reportan los <a href=\"https:\/\/twitter.com\/SSO_GobOax?ref_src=twsrc%5Etfw\">@SSO_GobOax<\/a>.<br>Suman 102 mil 123 casos confirmados; 5 mil 764 fallecimientos y 6 mil 425 casos activos.<br>Hay 10 hospitales ocupados; ocupaci\u00f3n hospitalaria promedio de 42.6%. <a href=\"https:\/\/t.co\/90jYw4Ww7M\">pic.twitter.com\/90jYw4Ww7M<\/a><\/p>&mdash; Zona Roja Oaxaca (@Zona_Roja_Oax) <a href=\"https:\/\/twitter.com\/Zona_Roja_Oax\/status\/1488703779310612483?ref_src=twsrc%5Etfw\">2 de febrero de 2022<\/a><\/blockquote><\/div>\n<\/div><\/figure>\n\n\n\n<p>Los mil 007 casos nuevos afectan a 110 municipios, entre los cuales destacan: Oaxaca de Ju\u00e1rez con 249 contagios, San Juan Bautista Tuxtepec con 97, Heroica Ciudad de Huajuapan de Le\u00f3n con 59, Santa Cruz Xoxocotl\u00e1n con 37, Salina Cruz con 36 y Loma Bonita 30, por mencionar algunos; y por primera vez Santa Mar\u00eda Yalina, situado en el distrito de Villa Alta present\u00f3 un caso nuevo.<\/p>\n\n\n\n<p>En relaci\u00f3n a la ocupaci\u00f3n hospitalaria, para esta jornada se notificaron 185 camas ocupadas de un total de 434, hay disponibles 249 y 10 hospitales se encuentran al 100% de ocupaci\u00f3n, adem\u00e1s se registraron ocho nuevos hospitalizados.<\/p>\n\n\n\n<p>La ocupaci\u00f3n global es del 42.6%, por Jurisdicci\u00f3n Sanitaria con mayor ocupaci\u00f3n se ubica Valles Centrales tras cuantificar un 53.4%, Costa con 35.1%, Tuxtepec con 29.5%, Istmo con 25.3% y la Sierra con 0%.<\/p>\n\n\n\n<p>Ante este panorama, el Sector Salud hizo \u00e9nfasis en las siguientes recomendaciones: usar correctamente el cubrebocas, mantener una sana distancia, ventilar los espacios cerrados, evitar acudir a lugares aglomerados, as\u00ed como, lavarse las manos con frecuencia, vacunarse cuando corresponda, al menor s\u00edntoma buscar atenci\u00f3n m\u00e9dica y quedarse en casa.<\/p>\n\n\n\n<p>(Comunicado)<\/p>\n","protected":false},"excerpt":{"rendered":"<p>Redacci\u00f3n\/Zona Roja. Oaxaca de Ju\u00e1rez, Oax., 1 de febrero de 2022.- La entidad inici\u00f3 el&hellip;<\/p>\n","protected":false},"author":2,"featured_media":37074,"comment_status":"closed","ping_status":"open","sticky":false,"template":"","format":"standard","meta":{"_lmt_disableupdate":"","_lmt_disable":"","_jetpack_memberships_contains_paid_content":false,"footnotes":""},"categories":[109,47],"tags":[1512],"class_list":["post-37073","post","type-post","status-publish","format-standard","has-post-thumbnail","hentry","category-minuto-a-minuto","category-zona-gris","tag-coronavirus-oaxaca"],"jetpack_featured_media_url":"https:\/\/zonaroja.com.mx\/wp-content\/uploads\/2022\/02\/01-de-febrero-de-2022.-Comunicado-Te\u0301cnico-COVID-19.jpg","jetpack_sharing_enabled":true,"_links":{"self":[{"href":"https:\/\/zonaroja.com.mx\/index.php?rest_route=\/wp\/v2\/posts\/37073","targetHints":{"allow":["GET"]}}],"collection":[{"href":"https:\/\/zonaroja.com.mx\/index.php?rest_route=\/wp\/v2\/posts"}],"about":[{"href":"https:\/\/zonaroja.com.mx\/index.php?rest_route=\/wp\/v2\/types\/post"}],"author":[{"embeddable":true,"href":"https:\/\/zonaroja.com.mx\/index.php?rest_route=\/wp\/v2\/users\/2"}],"replies":[{"embeddable":true,"href":"https:\/\/zonaroja.com.mx\/index.php?rest_route=%2Fwp%2Fv2%2Fcomments&post=37073"}],"version-history":[{"count":1,"href":"https:\/\/zonaroja.com.mx\/index.php?rest_route=\/wp\/v2\/posts\/37073\/revisions"}],"predecessor-version":[{"id":37075,"href":"https:\/\/zonaroja.com.mx\/index.php?rest_route=\/wp\/v2\/posts\/37073\/revisions\/37075"}],"wp:featuredmedia":[{"embeddable":true,"href":"https:\/\/zonaroja.com.mx\/index.php?rest_route=\/wp\/v2\/media\/37074"}],"wp:attachment":[{"href":"https:\/\/zonaroja.com.mx\/index.php?rest_route=%2Fwp%2Fv2%2Fmedia&parent=37073"}],"wp:term":[{"taxonomy":"category","embeddable":true,"href":"https:\/\/zonaroja.com.mx\/index.php?rest_route=%2Fwp%2Fv2%2Fcategories&post=37073"},{"taxonomy":"post_tag","embeddable":true,"href":"https:\/\/zonaroja.com.mx\/index.php?rest_route=%2Fwp%2Fv2%2Ftags&post=37073"}],"curies":[{"name":"wp","href":"https:\/\/api.w.org\/{rel}","templated":true}]}}