{"id":37079,"date":"2022-02-02T07:51:50","date_gmt":"2022-02-02T13:51:50","guid":{"rendered":"http:\/\/www.zonaroja.com.mx\/?p=37079"},"modified":"2022-02-02T07:55:43","modified_gmt":"2022-02-02T13:55:43","slug":"inicio-febrero-en-oaxaca-con-cinco-homicidios","status":"publish","type":"post","link":"https:\/\/zonaroja.com.mx\/?p=37079","title":{"rendered":"Inici\u00f3 febrero en Oaxaca con 6 homicidios; tres por disparos de arma de fuego"},"content":{"rendered":"\n<p>Redacci\u00f3n\/Zona Roja.<\/p>\n\n\n\n<p>Oaxaca de Ju\u00e1rez, Oax., 2 de febrero de 2022.- Al menos seis homicidios se registraron ayer martes 1 de febrero en Oaxaca, tres de ellos perpetrados con arma de fuego.<\/p>\n\n\n\n<p>Anoche, en Santa Catarina Mechoac\u00e1n, municipio de la regi\u00f3n Costa, una persona del sexo masculino fue asesinada a balazos en el interior de su domicilio; a\u00fan se desconoce su identidad y los agresores huyeron.<\/p>\n\n\n\n<p>Horas antes, alrededor de las 16:00 horas, en Santiago Jamiltepec fue ultimado a balazos un individuo que viajaba a bordo de su camioneta, marca Nissan, acompa\u00f1ado de su pareja, quien result\u00f3 lesionada.<\/p>\n\n\n\n<p>Fue acribillado presuntamente por oponerse a un asalto y fue identificado como G. L. G., originario de la poblaci\u00f3n de Uni\u00f3n Linda Vista.<\/p>\n\n\n\n<p>Mientras tanto la madrugada de ayer se confirm\u00f3 la muerte de una persona de edad adulta, cuando viajaba a bordo de su camioneta en jurisdicci\u00f3n de Huajuapan de Le\u00f3n, a la altura del paraje Loma Larga de la agencia de Santiago Chilixtlahuaca.<\/p>\n\n\n\n<p>El hoy occiso respondi\u00f3 en vida bajo las iniciales J. B. A., de unos 60 a\u00f1os de edad, y tambi\u00e9n fue supuestamente por resistirse a un asalto.<\/p>\n\n\n\n<p>Por otra parte, en la zona lagunar de Salinas del Marqu\u00e9s, del municipio de Salina Cruz, fueron localizados restos humanos de un hombre; \u00fanicamente se le hallaron una bolsa con ropa, su celular y billetes de denominaci\u00f3n del pa\u00eds de Honduras, por lo que se presume era centroamericano.<\/p>\n\n\n\n<p>Mientras que en Santa Cruz Huatulco, ayer falleci\u00f3 un menor de 15 a\u00f1os de edad, originario del Estado de M\u00e9xico, quien el fin de semana se hab\u00eda ahogado en la playa La Entrega.<\/p>\n\n\n\n<p>Presuntamente no hubo param\u00e9dicos para auxiliarlo oportunamente; fue trasladado al hospital del IMSS, donde se complic\u00f3 su estado de salud debido a que contrajo el Covid-19, al parecer en el mismo nosocomio; fue identificado como Alan M. B.<\/p>\n\n\n\n<p>Mientras tanto, anoche, en un hotel ubicado en la calle Constituci\u00f3n, entre Reforma y avenida Ju\u00e1rez de la capital de Oaxaca, muri\u00f3 una persona de origen extranjero, presuntamente a causa del Covid; personal de la Fiscal\u00eda General del Estado arrib\u00f3 al sitio para iniciar las indagatorias.<\/p>\n","protected":false},"excerpt":{"rendered":"<p>Redacci\u00f3n\/Zona Roja. Oaxaca de Ju\u00e1rez, Oax., 2 de febrero de 2022.- Al menos seis homicidios&hellip;<\/p>\n","protected":false},"author":2,"featured_media":30407,"comment_status":"closed","ping_status":"open","sticky":false,"template":"","format":"standard","meta":{"_lmt_disableupdate":"","_lmt_disable":"","_jetpack_memberships_contains_paid_content":false,"footnotes":""},"categories":[109,51],"tags":[],"class_list":["post-37079","post","type-post","status-publish","format-standard","has-post-thumbnail","hentry","category-minuto-a-minuto","category-zona-roja"],"jetpack_featured_media_url":"https:\/\/zonaroja.com.mx\/wp-content\/uploads\/2021\/08\/Escena-del-crimen-homicidio-violencia.jpg","jetpack_sharing_enabled":true,"_links":{"self":[{"href":"https:\/\/zonaroja.com.mx\/index.php?rest_route=\/wp\/v2\/posts\/37079","targetHints":{"allow":["GET"]}}],"collection":[{"href":"https:\/\/zonaroja.com.mx\/index.php?rest_route=\/wp\/v2\/posts"}],"about":[{"href":"https:\/\/zonaroja.com.mx\/index.php?rest_route=\/wp\/v2\/types\/post"}],"author":[{"embeddable":true,"href":"https:\/\/zonaroja.com.mx\/index.php?rest_route=\/wp\/v2\/users\/2"}],"replies":[{"embeddable":true,"href":"https:\/\/zonaroja.com.mx\/index.php?rest_route=%2Fwp%2Fv2%2Fcomments&post=37079"}],"version-history":[{"count":3,"href":"https:\/\/zonaroja.com.mx\/index.php?rest_route=\/wp\/v2\/posts\/37079\/revisions"}],"predecessor-version":[{"id":37083,"href":"https:\/\/zonaroja.com.mx\/index.php?rest_route=\/wp\/v2\/posts\/37079\/revisions\/37083"}],"wp:featuredmedia":[{"embeddable":true,"href":"https:\/\/zonaroja.com.mx\/index.php?rest_route=\/wp\/v2\/media\/30407"}],"wp:attachment":[{"href":"https:\/\/zonaroja.com.mx\/index.php?rest_route=%2Fwp%2Fv2%2Fmedia&parent=37079"}],"wp:term":[{"taxonomy":"category","embeddable":true,"href":"https:\/\/zonaroja.com.mx\/index.php?rest_route=%2Fwp%2Fv2%2Fcategories&post=37079"},{"taxonomy":"post_tag","embeddable":true,"href":"https:\/\/zonaroja.com.mx\/index.php?rest_route=%2Fwp%2Fv2%2Ftags&post=37079"}],"curies":[{"name":"wp","href":"https:\/\/api.w.org\/{rel}","templated":true}]}}