{"id":3709,"date":"2019-09-05T18:43:22","date_gmt":"2019-09-05T23:43:22","guid":{"rendered":"http:\/\/www.zonaroja.com.mx\/?p=3709"},"modified":"2019-09-05T18:43:25","modified_gmt":"2019-09-05T23:43:25","slug":"reciben-a-titular-de-sspo-en-tuxtepec-con-asesinado-y-lo-despiden-con-narcomensaje","status":"publish","type":"post","link":"https:\/\/zonaroja.com.mx\/?p=3709","title":{"rendered":"Reciben a titular de SSPO en Tuxtepec con asesinado y lo despiden con \u201cnarcomensaje\u201d"},"content":{"rendered":"\n<p>Redacci\u00f3n\/Zona\nRoja.<\/p>\n\n\n\n<p>Oaxaca de\nJu\u00e1rez, Oax., 5 de septiembre de 2019.- El titular de la Secretar\u00eda de\nSeguridad P\u00fablica de Oaxaca (SSPO), Ra\u00fal Ernesto Salcedo Rosales, fue recibido\nen San Juan Bautista Tuxtepec con un ejecutado y despedido con \u201cnarcomensajes\u201d.<\/p>\n\n\n\n<p>Desde hace\nm\u00e1s de 10 d\u00edas, de manera cotidiana ha ocurrido un asesinato a balazos en ese\nmunicipio de la regi\u00f3n de la Cuenca; la ola criminal e irritaci\u00f3n social deton\u00f3\ntras el homicidio de un empresario del ramo pastelero.<\/p>\n\n\n\n<p>Ello oblig\u00f3\nal funcionario a acudir a ese municipio de la regi\u00f3n de la Cuenca por segunda\nvez en menos de un mes, para dialogar con autoridades y el sector empresarial.<\/p>\n\n\n\n<p>Sin embargo,\nalrededor de las 10 de la ma\u00f1ana, en un taller el\u00e9ctrico en la comunidad de\nPapaloapan fue ultimado a balazos un individuo identificado como Julio C\u00e9sar\nAguilar Ponce, de 38 a\u00f1os de edad, y hasta el momento se desconoce al o los\nautores del homicidio.<\/p>\n\n\n\n<p>Salcedo Rosales arrib\u00f3 por la tarde a Tuxtepec y sostuvo una reuni\u00f3n de trabajo por varias horas con algunos representantes del sector empresarial, as\u00ed como el edil Fernando Bautista D\u00e1vila, donde explic\u00f3 que replicar\u00e1 el esquema de \u201ccuadrantes\u201d en dicha ciudad.<\/p>\n\n\n\n<figure class=\"wp-block-image\"><img decoding=\"async\" width=\"640\" height=\"311\" src=\"http:\/\/www.zonaroja.com.mx\/wp-content\/uploads\/2019\/09\/Image-1-5.png\" alt=\"\" class=\"wp-image-3710\" srcset=\"https:\/\/zonaroja.com.mx\/wp-content\/uploads\/2019\/09\/Image-1-5.png 640w, https:\/\/zonaroja.com.mx\/wp-content\/uploads\/2019\/09\/Image-1-5-300x146.png 300w, https:\/\/zonaroja.com.mx\/wp-content\/uploads\/2019\/09\/Image-1-5-585x284.png 585w\" sizes=\"(max-width: 640px) 100vw, 640px\" \/><\/figure>\n\n\n\n<p>Por la\nnoche, poco despu\u00e9s de que se retirara del sitio, personas desconocidas pegaron\n\u201cnarcomensajes\u201d en las oficinas de la Confederaci\u00f3n Aut\u00f3noma de Trabajadores y\nEmpleados de M\u00e9xico (CATEM), donde se supuestamente se amenaza a dirigentes de\ndicha organizaci\u00f3n.<\/p>\n\n\n\n<p>HAY CAMBIOS<\/p>\n\n\n\n<p>Por la\nma\u00f1ana de este jueves, el titular de la SSPO continu\u00f3 en Tuxtepec y atestigu\u00f3\nla designaci\u00f3n del en\u00e9simo comisionado de seguridad p\u00fablica, Jos\u00e9 Manuel\nBautista Torres.<\/p>\n\n\n\n<p>De acuerdo\ncon el medio informativo \u201cEl Pi\u00f1ero de la Cuenca\u201d, en casi tres a\u00f1os de la\ngesti\u00f3n de Bautista D\u00e1vila &#8211;primero bajo las siglas del Partido del Trabajo y\nahora bajo Nueva Alianza&#8211; Tuxtepec ha tenido siete directores.<\/p>\n\n\n\n<p>Se trata de Benigno\nVillalobos Juan, Efra\u00edn Aquino Espinoza, V\u00edctor Valent\u00edn Morales, Meinardo Cruz\nRam\u00edrez, Florentino Juan P\u00e9rez, Jaime Guadalupe Villa Fernando (s\u00f3lo dur\u00f3 un\nmes en el cargo) y ahora Jos\u00e9 Manuel Bautista Torres.<\/p>\n\n\n\n<p>SIGUE\nVIOLENCIA<\/p>\n\n\n\n<p>Y por la\ntarde de hoy, fueron descubiertos restos humanos en una obra en construcci\u00f3n,\nque se localiza en la calle Emiliano Zapata de la comunidad El Desenga\u00f1o.<\/p>\n\n\n\n<p>Personal de\nla Vicefiscal\u00eda Regional de la Cuenca se encuentra en el lugar para verificar\nla situaci\u00f3n e iniciar las indagatorias.<\/p>\n","protected":false},"excerpt":{"rendered":"<p>Redacci\u00f3n\/Zona Roja. Oaxaca de Ju\u00e1rez, Oax., 5 de septiembre de 2019.- El titular de la&hellip;<\/p>\n","protected":false},"author":2,"featured_media":3711,"comment_status":"closed","ping_status":"open","sticky":false,"template":"","format":"standard","meta":{"_lmt_disableupdate":"","_lmt_disable":"","_jetpack_memberships_contains_paid_content":false,"footnotes":""},"categories":[109,51],"tags":[231,118,175],"class_list":["post-3709","post","type-post","status-publish","format-standard","has-post-thumbnail","hentry","category-minuto-a-minuto","category-zona-roja","tag-raul-ernesto-salcedo-rosales","tag-san-juan-bautista-tuxtepec","tag-secretaria-de-seguridad-publica-de-oaxaca"],"jetpack_featured_media_url":"https:\/\/zonaroja.com.mx\/wp-content\/uploads\/2019\/09\/d760c4bd-2d18-4849-ae4f-8548ab3cc04e.jpg","jetpack_sharing_enabled":true,"_links":{"self":[{"href":"https:\/\/zonaroja.com.mx\/index.php?rest_route=\/wp\/v2\/posts\/3709","targetHints":{"allow":["GET"]}}],"collection":[{"href":"https:\/\/zonaroja.com.mx\/index.php?rest_route=\/wp\/v2\/posts"}],"about":[{"href":"https:\/\/zonaroja.com.mx\/index.php?rest_route=\/wp\/v2\/types\/post"}],"author":[{"embeddable":true,"href":"https:\/\/zonaroja.com.mx\/index.php?rest_route=\/wp\/v2\/users\/2"}],"replies":[{"embeddable":true,"href":"https:\/\/zonaroja.com.mx\/index.php?rest_route=%2Fwp%2Fv2%2Fcomments&post=3709"}],"version-history":[{"count":1,"href":"https:\/\/zonaroja.com.mx\/index.php?rest_route=\/wp\/v2\/posts\/3709\/revisions"}],"predecessor-version":[{"id":3712,"href":"https:\/\/zonaroja.com.mx\/index.php?rest_route=\/wp\/v2\/posts\/3709\/revisions\/3712"}],"wp:featuredmedia":[{"embeddable":true,"href":"https:\/\/zonaroja.com.mx\/index.php?rest_route=\/wp\/v2\/media\/3711"}],"wp:attachment":[{"href":"https:\/\/zonaroja.com.mx\/index.php?rest_route=%2Fwp%2Fv2%2Fmedia&parent=3709"}],"wp:term":[{"taxonomy":"category","embeddable":true,"href":"https:\/\/zonaroja.com.mx\/index.php?rest_route=%2Fwp%2Fv2%2Fcategories&post=3709"},{"taxonomy":"post_tag","embeddable":true,"href":"https:\/\/zonaroja.com.mx\/index.php?rest_route=%2Fwp%2Fv2%2Ftags&post=3709"}],"curies":[{"name":"wp","href":"https:\/\/api.w.org\/{rel}","templated":true}]}}