{"id":37090,"date":"2022-02-02T08:27:38","date_gmt":"2022-02-02T14:27:38","guid":{"rendered":"http:\/\/www.zonaroja.com.mx\/?p=37090"},"modified":"2022-02-02T08:27:41","modified_gmt":"2022-02-02T14:27:41","slug":"edil-de-santa-lucia-del-camino-lleva-apoyos-de-diconsa-a-poblacion","status":"publish","type":"post","link":"https:\/\/zonaroja.com.mx\/?p=37090","title":{"rendered":"Edil de Santa Luc\u00eda del Camino lleva apoyos de Diconsa a poblaci\u00f3n"},"content":{"rendered":"\n<p>Redacci\u00f3n\/Zona Roja.<\/p>\n\n\n\n<p>Oaxaca de Ju\u00e1rez, Oax., 2 de febrero de 2022.- El presidente municipal de Santa Luc\u00eda del Camino, Juan Carlos Garc\u00eda M\u00e1rquez, acompa\u00f1ado de la presidenta honoraria del DIF Municipal, Bety Santos, dio el banderazo simb\u00f3lico para el arranque de la Tienda Diconsa M\u00f3vil, el cual recorrer\u00e1 las colonias del municipio con productos de la canasta b\u00e1sica a precios accesibles.<\/p>\n\n\n\n<p>El principal objetivo es ayudar en la econom\u00eda de los hogares de Santa Luc\u00eda del Camino, por lo que Juan Carlos Garc\u00eda M\u00e1rquez dijo sentirse orgulloso de este proyecto, que arranca este d\u00eda con su recorrido por el fraccionamiento Ejidal.<\/p>\n\n\n\n<p>Por su parte, el gerente estatal de Diconsa Oaxaca, Felipe Enrique Sol\u00eds Torres, se\u00f1al\u00f3 que este programa fue instruido por el propulsor de la Cuarta Transformaci\u00f3n, actual Presidente de M\u00e9xico, Andr\u00e9s Manuel L\u00f3pez Obrador, para dar bienestar a las familias de todo el pa\u00eds.<\/p>\n\n\n\n<p>\u201cLa intenci\u00f3n de esto es estar llegando a todas las colonias y a todos los puntos donde nos indiquen, donde haya esa poblaci\u00f3n con un alto grado de marginaci\u00f3n para que le podamos servir; estaremos estableciendo nuestro programa de trabajo en conjunto, para ir priorizando donde realmente se requiere nuestro apoyo\u201d, manifest\u00f3 Felipe Sol\u00eds Torres.<\/p>\n\n\n\n<p>El ayuntamiento de Santa Luc\u00eda del Camino estar\u00e1 anunciando de manera previa los lugares en donde estar\u00e1 la Tienda m\u00f3vil de Diconsa para que todas las familias del municipio aprovechen esta oportunidad en beneficio de la econom\u00eda de los hogares.<\/p>\n\n\n\n<p>AMPL\u00cdAN DESCUENTOS<\/p>\n\n\n\n<p>Por otra parte, el ayuntamiento de Santa Luc\u00eda del Camino anunci\u00f3 la continuaci\u00f3n de descuentos en el mes de febrero para el pago del predial, as\u00ed como recargos y multas; acciones que ser\u00e1n en beneficio de los habitantes de este importante municipio de la zona metropolitana del estado de Oaxaca.<\/p>\n\n\n\n<p>Acompa\u00f1ado por el s\u00edndico Hacendario Rub\u00e9n Cruz, y la regidora de Hacienda, Rosa Pe\u00f1a; el presidente municipal de Santa Luc\u00eda del Camino, Juan Carlos Garc\u00eda M\u00e1rquez, agradeci\u00f3 la confianza de los ciudadanos, que se ve reflejada en la respuesta a las acciones que realiza el ayuntamiento a su cargo.<\/p>\n\n\n\n<p>\u201cEstamos ya haciendo trabajos de bacheo, pintas de se\u00f1alizaciones, que hay rondines de la Polic\u00eda, que hay patrullaje, y por supuesto las \u00e1reas de la Cl\u00ednica Municipal, la UBR est\u00e1n funcionando; y eso es gracias a las contribuciones de los ciudadanos\u201d, destac\u00f3 Juan Carlos Garc\u00eda M\u00e1rquez.<\/p>\n\n\n\n<p>El descuento del 50% en el pago del predial para los habitantes de Santa Luc\u00eda del Camino, continuar\u00e1 durante todo el mes de febrero, y adem\u00e1s, con el pago de esta contribuci\u00f3n, podr\u00e1n participar en la rifa de un autom\u00f3vil y dos motocicletas, reiter\u00f3 el presidente municipal.<\/p>\n","protected":false},"excerpt":{"rendered":"<p>Redacci\u00f3n\/Zona Roja. Oaxaca de Ju\u00e1rez, Oax., 2 de febrero de 2022.- El presidente municipal de&hellip;<\/p>\n","protected":false},"author":2,"featured_media":37091,"comment_status":"closed","ping_status":"open","sticky":false,"template":"","format":"standard","meta":{"_lmt_disableupdate":"","_lmt_disable":"","_jetpack_memberships_contains_paid_content":false,"footnotes":""},"categories":[109,47],"tags":[2533],"class_list":["post-37090","post","type-post","status-publish","format-standard","has-post-thumbnail","hentry","category-minuto-a-minuto","category-zona-gris","tag-juan-carlos-garcia-marquez"],"jetpack_featured_media_url":"https:\/\/zonaroja.com.mx\/wp-content\/uploads\/2022\/02\/Tienda-Diconsa-Santa-Lucia-del-Camino.jpg","jetpack_sharing_enabled":true,"_links":{"self":[{"href":"https:\/\/zonaroja.com.mx\/index.php?rest_route=\/wp\/v2\/posts\/37090","targetHints":{"allow":["GET"]}}],"collection":[{"href":"https:\/\/zonaroja.com.mx\/index.php?rest_route=\/wp\/v2\/posts"}],"about":[{"href":"https:\/\/zonaroja.com.mx\/index.php?rest_route=\/wp\/v2\/types\/post"}],"author":[{"embeddable":true,"href":"https:\/\/zonaroja.com.mx\/index.php?rest_route=\/wp\/v2\/users\/2"}],"replies":[{"embeddable":true,"href":"https:\/\/zonaroja.com.mx\/index.php?rest_route=%2Fwp%2Fv2%2Fcomments&post=37090"}],"version-history":[{"count":1,"href":"https:\/\/zonaroja.com.mx\/index.php?rest_route=\/wp\/v2\/posts\/37090\/revisions"}],"predecessor-version":[{"id":37092,"href":"https:\/\/zonaroja.com.mx\/index.php?rest_route=\/wp\/v2\/posts\/37090\/revisions\/37092"}],"wp:featuredmedia":[{"embeddable":true,"href":"https:\/\/zonaroja.com.mx\/index.php?rest_route=\/wp\/v2\/media\/37091"}],"wp:attachment":[{"href":"https:\/\/zonaroja.com.mx\/index.php?rest_route=%2Fwp%2Fv2%2Fmedia&parent=37090"}],"wp:term":[{"taxonomy":"category","embeddable":true,"href":"https:\/\/zonaroja.com.mx\/index.php?rest_route=%2Fwp%2Fv2%2Fcategories&post=37090"},{"taxonomy":"post_tag","embeddable":true,"href":"https:\/\/zonaroja.com.mx\/index.php?rest_route=%2Fwp%2Fv2%2Ftags&post=37090"}],"curies":[{"name":"wp","href":"https:\/\/api.w.org\/{rel}","templated":true}]}}