{"id":37093,"date":"2022-02-02T08:39:23","date_gmt":"2022-02-02T14:39:23","guid":{"rendered":"http:\/\/www.zonaroja.com.mx\/?p=37093"},"modified":"2022-02-02T08:39:27","modified_gmt":"2022-02-02T14:39:27","slug":"denuncian-a-edil-morenista-de-huatulco-como-deudor-alimentario","status":"publish","type":"post","link":"https:\/\/zonaroja.com.mx\/?p=37093","title":{"rendered":"Denuncian a edil morenista de Huatulco como deudor alimentario"},"content":{"rendered":"\n<p>Yuridiana Sosa\/Zona Roja.<\/p>\n\n\n\n<p>Oaxaca de Ju\u00e1rez, Oax., 2 de febrero de 2022.- El presidente municipal de Santa Mar\u00eda Huatulco, Jos\u00e9 Hern\u00e1ndez C\u00e1rdenas, se suma a la lista de servidores p\u00fablicos denunciados como deudores alimentarios en Oaxaca.<\/p>\n\n\n\n<p>Una mujer, quien indic\u00f3 ser ex esposa de Jos\u00e9 Hern\u00e1ndez, emanado del Partido Morena, denunci\u00f3 de forma p\u00fablica que el ahora edil nunca se ha hecho responsable de la manutenci\u00f3n de su hija, ahora una adolescente.<\/p>\n\n\n\n<p>La madre de familia, quien reserv\u00f3 su nombre e identidad de su hija, pide ayuda a las autoridades estatales o federales para conseguir que Hern\u00e1ndez C\u00e1rdenas cumpla con su responsabilidad, pues si durante varios a\u00f1os se ha valido de sus influencias para evadir esta acci\u00f3n, ahora que es autoridad teme que ser\u00e1 m\u00e1s complicado.<\/p>\n\n\n\n<p>Jos\u00e9 Hern\u00e1ndez C\u00e1rdenas ha comprado al menos ocho abogados en a\u00f1os anteriores durante este proceso para evitar el pago de pensi\u00f3n alimenticia, y ahora debe comenzar de nuevo este proceso, como lo hizo hace siete a\u00f1os.<\/p>\n\n\n\n<figure class=\"wp-block-embed is-type-rich is-provider-twitter wp-block-embed-twitter\"><div class=\"wp-block-embed__wrapper\">\n<div class=\"twitter-tweet\"><blockquote class=\"twitter-tweet\" data-lang=\"es\"><p lang=\"es\" dir=\"ltr\">As\u00ed denuncia la ex esposa del edil de Santa Mar\u00eda Huatulco, Jos\u00e9 Hern\u00e1ndez C\u00e1rdenas, surgido del Partido Morena, a quien se\u00f1ala de deudor alimentario desde hace casi dos d\u00e9cadas <br>El mun\u00edcipe gan\u00f3 elecciones enarbolando principios de \u201cno robar, no mentir y no enga\u00f1ar al pueblo\u201d. <a href=\"https:\/\/t.co\/BAMpwNeivM\">pic.twitter.com\/BAMpwNeivM<\/a><\/p>&mdash; Zona Roja Oaxaca (@Zona_Roja_Oax) <a href=\"https:\/\/twitter.com\/Zona_Roja_Oax\/status\/1488869801506361349?ref_src=twsrc%5Etfw\">2 de febrero de 2022<\/a><\/blockquote><\/div>\n<\/div><\/figure>\n\n\n\n<p>\u201cEs un irresponsable, siempre lo ha sido\u201d, se\u00f1al\u00f3 la mujer identificada como \u00c9rika R. Z., quien asegur\u00f3 que el edil tambi\u00e9n act\u00faa con enojo hacia ella, pues no se ha callado sobre esta situaci\u00f3n.<\/p>\n\n\n\n<p>El edil de Santa Mar\u00eda Huatulco comparte esta misma posici\u00f3n p\u00fablica con otros ex candidatos y funcionarios estatales denunciados p\u00fablicamente por su omisi\u00f3n.<\/p>\n\n\n\n<p>Pero incluso, durante el 2021, en el Juicio para la Protecci\u00f3n de los Derechos Pol\u00edtico Electorales promovido por la aspirante a la presidencia de Huatulco, Nayelli Romo Ram\u00edrez, se expuso ante la Comisi\u00f3n Nacional de Honestidad y Justicia de Morena, la indebida designaci\u00f3n de Jos\u00e9 Hern\u00e1ndez C\u00e1rdenas en la candidatura por incumplir requisitos de elegibilidad (al ser deudor alimentario), al considerar que se registr\u00f3 indebidamente.<\/p>\n","protected":false},"excerpt":{"rendered":"<p>Yuridiana Sosa\/Zona Roja. Oaxaca de Ju\u00e1rez, Oax., 2 de febrero de 2022.- El presidente municipal&hellip;<\/p>\n","protected":false},"author":2,"featured_media":37094,"comment_status":"closed","ping_status":"open","sticky":false,"template":"","format":"standard","meta":{"_lmt_disableupdate":"","_lmt_disable":"","_jetpack_memberships_contains_paid_content":false,"footnotes":""},"categories":[109,47],"tags":[3016],"class_list":["post-37093","post","type-post","status-publish","format-standard","has-post-thumbnail","hentry","category-minuto-a-minuto","category-zona-gris","tag-jose-hernandez-cardenas"],"jetpack_featured_media_url":"https:\/\/zonaroja.com.mx\/wp-content\/uploads\/2022\/02\/Jose-Hernandez-Cardenas.jpg","jetpack_sharing_enabled":true,"_links":{"self":[{"href":"https:\/\/zonaroja.com.mx\/index.php?rest_route=\/wp\/v2\/posts\/37093","targetHints":{"allow":["GET"]}}],"collection":[{"href":"https:\/\/zonaroja.com.mx\/index.php?rest_route=\/wp\/v2\/posts"}],"about":[{"href":"https:\/\/zonaroja.com.mx\/index.php?rest_route=\/wp\/v2\/types\/post"}],"author":[{"embeddable":true,"href":"https:\/\/zonaroja.com.mx\/index.php?rest_route=\/wp\/v2\/users\/2"}],"replies":[{"embeddable":true,"href":"https:\/\/zonaroja.com.mx\/index.php?rest_route=%2Fwp%2Fv2%2Fcomments&post=37093"}],"version-history":[{"count":1,"href":"https:\/\/zonaroja.com.mx\/index.php?rest_route=\/wp\/v2\/posts\/37093\/revisions"}],"predecessor-version":[{"id":37095,"href":"https:\/\/zonaroja.com.mx\/index.php?rest_route=\/wp\/v2\/posts\/37093\/revisions\/37095"}],"wp:featuredmedia":[{"embeddable":true,"href":"https:\/\/zonaroja.com.mx\/index.php?rest_route=\/wp\/v2\/media\/37094"}],"wp:attachment":[{"href":"https:\/\/zonaroja.com.mx\/index.php?rest_route=%2Fwp%2Fv2%2Fmedia&parent=37093"}],"wp:term":[{"taxonomy":"category","embeddable":true,"href":"https:\/\/zonaroja.com.mx\/index.php?rest_route=%2Fwp%2Fv2%2Fcategories&post=37093"},{"taxonomy":"post_tag","embeddable":true,"href":"https:\/\/zonaroja.com.mx\/index.php?rest_route=%2Fwp%2Fv2%2Ftags&post=37093"}],"curies":[{"name":"wp","href":"https:\/\/api.w.org\/{rel}","templated":true}]}}