{"id":37096,"date":"2022-02-02T08:46:41","date_gmt":"2022-02-02T14:46:41","guid":{"rendered":"http:\/\/www.zonaroja.com.mx\/?p=37096"},"modified":"2022-02-02T08:46:44","modified_gmt":"2022-02-02T14:46:44","slug":"acuerda-pjeo-interconexion-tecnologica-con-el-poder-judicial-federal","status":"publish","type":"post","link":"https:\/\/zonaroja.com.mx\/?p=37096","title":{"rendered":"Acuerda PJEO interconexi\u00f3n tecnol\u00f3gica con el Poder Judicial federal"},"content":{"rendered":"\n<p>Redacci\u00f3n\/Zona Roja.<\/p>\n\n\n\n<p>Oaxaca de Ju\u00e1rez, Oax., 2 de febrero de 2022.- Afrontar la situaci\u00f3n actual derivada de la pandemia por Covid-19 requiere la suma de esfuerzos y de un trabajo coordinado; por lo que en su responsabilidad, atendiendo la nueva normalidad y las recomendaciones sanitarias de las autoridades de Salud, los Plenos del Tribunal Superior de Justicia y del Consejo de la Judicatura del Poder Judicial del Estado, que preside el magistrado Eduardo Pinacho S\u00e1nchez, sesionaron v\u00eda remota.<\/p>\n\n\n\n<p>De esta manera, se resolvieron instructivos de responsabilidad y aprobaron proyectos que privilegian el fortalecimiento de servicios digitales de almacenamiento en la nube de uso exclusivo y propiedad de la instituci\u00f3n, el cual permitir\u00e1 agilizar los recursos que se tramiten en la segunda instancia accediendo de manera presencial o virtual.<\/p>\n\n\n\n<p>Por otra parte, tambi\u00e9n se acord\u00f3 la implementaci\u00f3n del proyecto de interconexi\u00f3n tecnol\u00f3gica con el Poder Judicial Federal para incorporar, en una nueva etapa de cooperaci\u00f3n institucional, herramientas digitales y electr\u00f3nicas al sistema de justicia estatal y est\u00e9 enlazado con las instancias gubernamentales, administrativas, jurisdiccionales y de procuraci\u00f3n de justicia del pa\u00eds, bajo una misma plataforma tecnol\u00f3gica que permita la comunicaci\u00f3n directa.<\/p>\n\n\n\n<p>Con la finalidad de evitar el rezago en las distintas \u00e1reas y solventar las necesidades de la poblaci\u00f3n en este periodo de contingencia, durante la sesi\u00f3n, los Plenos del Tribunal Superior de Justicia y el Consejo de la Judicatura acordaron fortalecer los medios electr\u00f3nicos y digitales, para continuar como hasta ahora brindando los servicios esenciales y cumplir con las atribuciones que le corresponden en beneficio de la sociedad.<\/p>\n\n\n\n<p>Actualmente, como parte de las actividades que se realizan en el Poder Judicial del Estado, se lleva a cabo la sustituci\u00f3n de una cantidad significativa de equipos de c\u00f3mputo y se renuevan las m\u00e1quinas fotocopiadoras, impresoras y escaners por aparatos de alto rendimiento y \u00faltima generaci\u00f3n para las diferentes salas y juzgados.<\/p>\n","protected":false},"excerpt":{"rendered":"<p>Redacci\u00f3n\/Zona Roja. Oaxaca de Ju\u00e1rez, Oax., 2 de febrero de 2022.- Afrontar la situaci\u00f3n actual&hellip;<\/p>\n","protected":false},"author":2,"featured_media":37097,"comment_status":"closed","ping_status":"open","sticky":false,"template":"","format":"standard","meta":{"_lmt_disableupdate":"","_lmt_disable":"","_jetpack_memberships_contains_paid_content":false,"footnotes":""},"categories":[109,46],"tags":[223],"class_list":["post-37096","post","type-post","status-publish","format-standard","has-post-thumbnail","hentry","category-minuto-a-minuto","category-zona-blanca","tag-poder-judicial-de-oaxaca"],"jetpack_featured_media_url":"https:\/\/zonaroja.com.mx\/wp-content\/uploads\/2022\/02\/Sesion-virtual-de-los-Plenos-del-TSJE-y-del-Consejo-de-la-Judicatura-1.jpg","jetpack_sharing_enabled":true,"_links":{"self":[{"href":"https:\/\/zonaroja.com.mx\/index.php?rest_route=\/wp\/v2\/posts\/37096","targetHints":{"allow":["GET"]}}],"collection":[{"href":"https:\/\/zonaroja.com.mx\/index.php?rest_route=\/wp\/v2\/posts"}],"about":[{"href":"https:\/\/zonaroja.com.mx\/index.php?rest_route=\/wp\/v2\/types\/post"}],"author":[{"embeddable":true,"href":"https:\/\/zonaroja.com.mx\/index.php?rest_route=\/wp\/v2\/users\/2"}],"replies":[{"embeddable":true,"href":"https:\/\/zonaroja.com.mx\/index.php?rest_route=%2Fwp%2Fv2%2Fcomments&post=37096"}],"version-history":[{"count":1,"href":"https:\/\/zonaroja.com.mx\/index.php?rest_route=\/wp\/v2\/posts\/37096\/revisions"}],"predecessor-version":[{"id":37098,"href":"https:\/\/zonaroja.com.mx\/index.php?rest_route=\/wp\/v2\/posts\/37096\/revisions\/37098"}],"wp:featuredmedia":[{"embeddable":true,"href":"https:\/\/zonaroja.com.mx\/index.php?rest_route=\/wp\/v2\/media\/37097"}],"wp:attachment":[{"href":"https:\/\/zonaroja.com.mx\/index.php?rest_route=%2Fwp%2Fv2%2Fmedia&parent=37096"}],"wp:term":[{"taxonomy":"category","embeddable":true,"href":"https:\/\/zonaroja.com.mx\/index.php?rest_route=%2Fwp%2Fv2%2Fcategories&post=37096"},{"taxonomy":"post_tag","embeddable":true,"href":"https:\/\/zonaroja.com.mx\/index.php?rest_route=%2Fwp%2Fv2%2Ftags&post=37096"}],"curies":[{"name":"wp","href":"https:\/\/api.w.org\/{rel}","templated":true}]}}