{"id":37106,"date":"2022-02-02T17:38:17","date_gmt":"2022-02-02T23:38:17","guid":{"rendered":"https:\/\/www.zonaroja.com.mx\/?p=37106"},"modified":"2022-02-02T17:38:19","modified_gmt":"2022-02-02T23:38:19","slug":"urgen-apoyos-para-ninos-con-cancer-en-oaxaca-asciende-a-9-fallecidos","status":"publish","type":"post","link":"https:\/\/zonaroja.com.mx\/?p=37106","title":{"rendered":"Urgen apoyos para ni\u00f1os con c\u00e1ncer en Oaxaca; asciende a 9 fallecidos"},"content":{"rendered":"\n<p>Yuridiana Sosa\/Zona Roja.<\/p>\n\n\n\n<p>Oaxaca de Ju\u00e1rez, Oax., 2 de febrero 2022.- La crisis en el desabasto de medicamentos e insumos para los tratamientos de ni\u00f1os con c\u00e1ncer se agrava en Oaxaca, por lo que diferentes colectivos sociales se unieron para realizar una colecta a favor de 165 familias que actualmente luchan contra esta enfermedad en la entidad.<\/p>\n\n\n\n<p>Las asociaciones civiles \u201cMorando Bajo La Esperanza\u201d, \u201cCon Causa\u201d, \u201cCoraz\u00f3n Rosa\u201d y \u201cFundaci\u00f3n Nicoatole\u201d realizar\u00e1n este&nbsp;4 de febrero, D\u00eda Mundial de la Lucha contra el C\u00e1ncer, una recaudaci\u00f3n en la que se incluyen acciones importantes, como muestras gratuitas de sangre para posibles donaciones de m\u00e9dula \u00f3sea y donaci\u00f3n de sangre.<\/p>\n\n\n\n<p>La actividad se realizar\u00e1 en el Jard\u00edn \u201cEl Pa\u00f1uelito\u201d, a un costado del antiguo Convento de Santo Domingo, en el Centro Hist\u00f3rico de Oaxaca,&nbsp;de 10:00 a 17:00&nbsp;horas, donde adem\u00e1s se contar\u00e1n con otros servicios de beneficio a los pacientes, como son la donaci\u00f3n de cabello.<\/p>\n\n\n\n<p>En conferencia de prensa, los colectivos exhibieron las graves necesidades que viven las familias que luchan contra el c\u00e1ncer en ni\u00f1os por la falta de medicamentos e insumos en los hospitales de los Servicios de Salud de Oaxaca.<\/p>\n\n\n\n<p>La primera consecuencia es el fallecimiento de nueve menores de edad entre diciembre y enero, de los que cuatro se han presentado en el primer mes de este a\u00f1o.<\/p>\n\n\n\n<figure class=\"wp-block-embed\"><div class=\"wp-block-embed__wrapper\">\n<div class=\"twitter-tweet\"><blockquote class=\"twitter-tweet\" data-lang=\"es\"><p lang=\"es\" dir=\"ltr\"><a href=\"https:\/\/twitter.com\/hashtag\/ENVIVO?src=hash&amp;ref_src=twsrc%5Etfw\">#ENVIVO<\/a> <br>Oaxaca de Ju\u00e1rez, Oax.. 2 de febrero de 2022.- Organismos de la sociedad civil convocan a colecta a favor de ni\u00f1as y ni\u00f1os con c\u00e1ncer. <br>Confirman al menos nueve decesos de menores por falta de medicamentos e insumos. <br>Aqu\u00ed la transmisi\u00f3n:<br>\ud83d\udc47<a href=\"https:\/\/t.co\/Uj9rNRV6hD\">https:\/\/t.co\/Uj9rNRV6hD<\/a> <a href=\"https:\/\/t.co\/L4TTtrzHmD\">pic.twitter.com\/L4TTtrzHmD<\/a><\/p>&mdash; Zona Roja Oaxaca (@Zona_Roja_Oax) <a href=\"https:\/\/twitter.com\/Zona_Roja_Oax\/status\/1488912502419251203?ref_src=twsrc%5Etfw\">2 de febrero de 2022<\/a><\/blockquote><\/div>\n<\/div><\/figure>\n\n\n\n<p>Se suma el agravio a 165 pacientes que luchan actualmente contra esta enfermedad, pues la suspensi\u00f3n de un tratamiento atenta contra su salud.<\/p>\n\n\n\n<p>Las asociaciones apuntaron que el Hospital de la Ni\u00f1ez \u201cDr. Guillermo Zarate Mijangos\u201d es el nosocomio que m\u00e1s requiere de unidades de sangre y plaquetas, pero que no cuenta con las suficientes a consecuencia de la falta de la cultura de la donaci\u00f3n y de insumos que ayuden a la extracci\u00f3n de sangre.&nbsp;<\/p>\n\n\n\n<p>Por ese motivo, durante el evento pr\u00f3ximo buscan posibles donadores, a los que se les tomar\u00e1 sus datos.&nbsp;<\/p>\n\n\n\n<p>El 50 por ciento de los medicamentos que ocupan los pacientes ha sido abastecido por las asociaciones y donativos, lo que demuestra el abandono de las autoridades federales y estatales para resolver esta gran demanda.<\/p>\n\n\n\n<p>Las mujeres y hombres, que son padres y familiares de un ni\u00f1o con c\u00e1ncer, lamentaron que persista esta crisis, excusados cada a\u00f1o en el presupuesto, como este a\u00f1o, que supuestamente se aplicar\u00e1 hasta despu\u00e9s de marzo.<\/p>\n","protected":false},"excerpt":{"rendered":"<p>Yuridiana Sosa\/Zona Roja. Oaxaca de Ju\u00e1rez, Oax., 2 de febrero 2022.- La crisis en el&hellip;<\/p>\n","protected":false},"author":2,"featured_media":37105,"comment_status":"closed","ping_status":"open","sticky":false,"template":"","format":"standard","meta":{"_lmt_disableupdate":"","_lmt_disable":"","_jetpack_memberships_contains_paid_content":false,"footnotes":""},"categories":[109,47],"tags":[],"class_list":["post-37106","post","type-post","status-publish","format-standard","has-post-thumbnail","hentry","category-minuto-a-minuto","category-zona-gris"],"jetpack_featured_media_url":"https:\/\/zonaroja.com.mx\/wp-content\/uploads\/2022\/02\/125db180-43b8-4371-a4cf-8f3bc767221a.jpg","jetpack_sharing_enabled":true,"_links":{"self":[{"href":"https:\/\/zonaroja.com.mx\/index.php?rest_route=\/wp\/v2\/posts\/37106","targetHints":{"allow":["GET"]}}],"collection":[{"href":"https:\/\/zonaroja.com.mx\/index.php?rest_route=\/wp\/v2\/posts"}],"about":[{"href":"https:\/\/zonaroja.com.mx\/index.php?rest_route=\/wp\/v2\/types\/post"}],"author":[{"embeddable":true,"href":"https:\/\/zonaroja.com.mx\/index.php?rest_route=\/wp\/v2\/users\/2"}],"replies":[{"embeddable":true,"href":"https:\/\/zonaroja.com.mx\/index.php?rest_route=%2Fwp%2Fv2%2Fcomments&post=37106"}],"version-history":[{"count":1,"href":"https:\/\/zonaroja.com.mx\/index.php?rest_route=\/wp\/v2\/posts\/37106\/revisions"}],"predecessor-version":[{"id":37107,"href":"https:\/\/zonaroja.com.mx\/index.php?rest_route=\/wp\/v2\/posts\/37106\/revisions\/37107"}],"wp:featuredmedia":[{"embeddable":true,"href":"https:\/\/zonaroja.com.mx\/index.php?rest_route=\/wp\/v2\/media\/37105"}],"wp:attachment":[{"href":"https:\/\/zonaroja.com.mx\/index.php?rest_route=%2Fwp%2Fv2%2Fmedia&parent=37106"}],"wp:term":[{"taxonomy":"category","embeddable":true,"href":"https:\/\/zonaroja.com.mx\/index.php?rest_route=%2Fwp%2Fv2%2Fcategories&post=37106"},{"taxonomy":"post_tag","embeddable":true,"href":"https:\/\/zonaroja.com.mx\/index.php?rest_route=%2Fwp%2Fv2%2Ftags&post=37106"}],"curies":[{"name":"wp","href":"https:\/\/api.w.org\/{rel}","templated":true}]}}