{"id":37111,"date":"2022-02-02T19:41:23","date_gmt":"2022-02-03T01:41:23","guid":{"rendered":"http:\/\/www.zonaroja.com.mx\/?p=37111"},"modified":"2022-02-02T19:41:26","modified_gmt":"2022-02-03T01:41:26","slug":"quianna-vencio-al-cancer-es-un-dia-que-nunca-olvidare-dice-la-pequena","status":"publish","type":"post","link":"https:\/\/zonaroja.com.mx\/?p=37111","title":{"rendered":"\u00a1Quianna venci\u00f3 al c\u00e1ncer! \u201cEs un d\u00eda que nunca olvidar\u00e9\u201d, dice la peque\u00f1a"},"content":{"rendered":"\n<p>Yuridiana Sosa\/Zona Roja.<\/p>\n\n\n\n<p>Oaxaca de Ju\u00e1rez, Oax., 2 de febrero de 2022.- En la batalla contra el c\u00e1ncer, Quianna, la \u201cni\u00f1a maravilla\u201d venci\u00f3.<\/p>\n\n\n\n<p>Su fortaleza la acompa\u00f1\u00f3 por m\u00e1s de tres a\u00f1os y la noticia la recibi\u00f3 en medio de una inmensa alegr\u00eda por haberse cumplido el sue\u00f1o de su fiesta de cumplea\u00f1os.<\/p>\n\n\n\n<p>Luego de tres a\u00f1os y tres meses de comenzar la lucha contra la leucemia linfobl\u00e1stica aguda, este lunes la peque\u00f1a Quianna, de siete a\u00f1os de edad, recibi\u00f3 la noticia por parte del Hospital de la Ni\u00f1ez Oaxaque\u00f1a, que no recibir\u00eda m\u00e1s quimioterapias, pues venci\u00f3 el c\u00e1ncer.<\/p>\n\n\n\n<p>Quianna Cort\u00e9s Alc\u00e1zar comparti\u00f3 la noticia por medio de sus redes sociales, en la que ha dado a conocer su proceso, siempre mostrando su optimismo desde su natal San Andr\u00e9s Teotil\u00e1lpam, en la regi\u00f3n Ca\u00f1ada de Oaxaca.<\/p>\n\n\n\n<p>\u201cHoy es un d\u00eda que nunca olvidar\u00e9, hoy nos vamos a vigilancia\u201d, dicen las primeras l\u00edneas de su mensaje acompa\u00f1ado de la fotograf\u00eda de ella y una doctora del hospital.<\/p>\n\n\n\n<p>\u201cGracias a todos los que pusieron su granito de arena para que esto se lograr\u00e1. Doy gracias a Dios por darle la fuerza a mis padres para afrontar est\u00e1 batalla. Hoy nos podemos ir tranquilos y contentos, hemos logrado dar un paso muy importante. Ahora me queda cuidarme y seguir adelante\u201d, cita el mensaje.<\/p>\n\n\n\n<p>En este proceso, Quianna junto a sus padres se vieron rodeados de apoyo de personas desconocidas que se sumaron a esta batalla con la compra de pan, por ser el sustento de la familia, pero tambi\u00e9n con otras donaciones importantes que hac\u00edan posible que la peque\u00f1a siguiera con su tratamiento.<\/p>\n\n\n\n<p>Entre los apoyos significativos que recientemente se difundieron y que sum\u00f3 a cientos de oaxaque\u00f1os fue para hacer realidad el sue\u00f1o de Quianna para tener una fiesta de cumplea\u00f1os de la \u201cMujer Maravilla\u201d.<\/p>\n\n\n\n<p>La menor pidi\u00f3 ayuda a los \u201cReyes magos\u201d en su carta depositada en su pino navide\u00f1o, y en la que no pidi\u00f3 juguetes, m\u00e1s que ayuda para tener su fiesta.<\/p>\n\n\n\n<figure class=\"wp-block-embed\"><div class=\"wp-block-embed__wrapper\">\nhttps:\/\/fb.watch\/aWX3Vo_VE_\/\n<\/div><\/figure>\n\n\n\n<p>MARAVILLOSA CELEBRACI\u00d3N<\/p>\n\n\n\n<p>As\u00ed, el patio de la casa se convirti\u00f3 en un mundo m\u00e1gico para Quianna el pasado 27 de enero, uno de los d\u00edas m\u00e1s anhelados para ella.<\/p>\n\n\n\n<p>Globos, adornos met\u00e1licos con motivos de la \u201cMujer Maravilla\u201d y un hermoso vestuario con el que representaba a la superhero\u00edna, fueron parte de la celebraci\u00f3n a la que cientos de oaxaque\u00f1os se sumaron en donaciones en ayuda a los padres.<\/p>\n\n\n\n<p>La fiesta se realiz\u00f3 en San Andr\u00e9s Teotil\u00e1lpam, acompa\u00f1ada de su familia y amigos, con quien siempre so\u00f1\u00f3 compartir este momento con un mejor estado de salud, pues ya pudo disfrutar del juego y brincos en el inflable.<\/p>\n\n\n\n<p>A la fiesta se sum\u00f3 un payaso, un mago, un grupo de m\u00fasica y no faltaron las pi\u00f1atas y dulces, pero principalmente, estuvo presente la sonrisa y la inmensa alegr\u00eda de la peque\u00f1a, quien disfrut\u00f3 a lo m\u00e1ximo este esfuerzo.<\/p>\n\n\n\n<p>Sus j\u00f3venes padres tambi\u00e9n agradecieron la ayuda para cumplir este sue\u00f1o. \u00a1Quianna ya no tiene c\u00e1ncer!<\/p>\n","protected":false},"excerpt":{"rendered":"<p>Yuridiana Sosa\/Zona Roja. Oaxaca de Ju\u00e1rez, Oax., 2 de febrero de 2022.- En la batalla&hellip;<\/p>\n","protected":false},"author":2,"featured_media":37112,"comment_status":"closed","ping_status":"open","sticky":false,"template":"","format":"standard","meta":{"_lmt_disableupdate":"","_lmt_disable":"","_jetpack_memberships_contains_paid_content":false,"footnotes":""},"categories":[109,46],"tags":[3000],"class_list":["post-37111","post","type-post","status-publish","format-standard","has-post-thumbnail","hentry","category-minuto-a-minuto","category-zona-blanca","tag-quianna-cortes-alcazar"],"jetpack_featured_media_url":"https:\/\/zonaroja.com.mx\/wp-content\/uploads\/2022\/02\/Quiana-Cortes.jpg","jetpack_sharing_enabled":true,"_links":{"self":[{"href":"https:\/\/zonaroja.com.mx\/index.php?rest_route=\/wp\/v2\/posts\/37111","targetHints":{"allow":["GET"]}}],"collection":[{"href":"https:\/\/zonaroja.com.mx\/index.php?rest_route=\/wp\/v2\/posts"}],"about":[{"href":"https:\/\/zonaroja.com.mx\/index.php?rest_route=\/wp\/v2\/types\/post"}],"author":[{"embeddable":true,"href":"https:\/\/zonaroja.com.mx\/index.php?rest_route=\/wp\/v2\/users\/2"}],"replies":[{"embeddable":true,"href":"https:\/\/zonaroja.com.mx\/index.php?rest_route=%2Fwp%2Fv2%2Fcomments&post=37111"}],"version-history":[{"count":1,"href":"https:\/\/zonaroja.com.mx\/index.php?rest_route=\/wp\/v2\/posts\/37111\/revisions"}],"predecessor-version":[{"id":37113,"href":"https:\/\/zonaroja.com.mx\/index.php?rest_route=\/wp\/v2\/posts\/37111\/revisions\/37113"}],"wp:featuredmedia":[{"embeddable":true,"href":"https:\/\/zonaroja.com.mx\/index.php?rest_route=\/wp\/v2\/media\/37112"}],"wp:attachment":[{"href":"https:\/\/zonaroja.com.mx\/index.php?rest_route=%2Fwp%2Fv2%2Fmedia&parent=37111"}],"wp:term":[{"taxonomy":"category","embeddable":true,"href":"https:\/\/zonaroja.com.mx\/index.php?rest_route=%2Fwp%2Fv2%2Fcategories&post=37111"},{"taxonomy":"post_tag","embeddable":true,"href":"https:\/\/zonaroja.com.mx\/index.php?rest_route=%2Fwp%2Fv2%2Ftags&post=37111"}],"curies":[{"name":"wp","href":"https:\/\/api.w.org\/{rel}","templated":true}]}}