{"id":37114,"date":"2022-02-02T21:07:29","date_gmt":"2022-02-03T03:07:29","guid":{"rendered":"http:\/\/www.zonaroja.com.mx\/?p=37114"},"modified":"2022-02-02T21:07:31","modified_gmt":"2022-02-03T03:07:31","slug":"dos-feminicidios-mas-en-juchitan-ademas-matan-a-otro-hijo-de-la-mujer","status":"publish","type":"post","link":"https:\/\/zonaroja.com.mx\/?p=37114","title":{"rendered":"Dos feminicidios m\u00e1s en Juchit\u00e1n; adem\u00e1s, matan a otro hijo de la mujer"},"content":{"rendered":"\n<p>Ismael Garc\u00eda M.\/Zona Roja. Foto: 50 Bravo<\/p>\n\n\n\n<p>Oaxaca de Ju\u00e1rez, Oax., 2 de febrero de 2022.- Otras dos mujeres &#8211;madre e hija&#8211; fueron asesinada a balazos en Juchit\u00e1n de Zaragoza, Oaxaca, y con esos, suman cuatro casos de feminicidio en lo que va de este a\u00f1o.<\/p>\n\n\n\n<p>Adem\u00e1s, mataron a otro de los hijos de la mujer, de 19 a\u00f1os de edad, report\u00f3 el periodista Edwin Meneses.<\/p>\n\n\n\n<p>De acuerdo con los datos, el triple homicidio se registr\u00f3 esta noche en una vivienda del callej\u00f3n Francisco Villa, de la Novena Secci\u00f3n.<\/p>\n\n\n\n<p>Un grupo armado ingres\u00f3 al domicilio y ejecut\u00f3, con disparos de arma de grueso calibre, a Reyna A. V., de 42 a\u00f1os de edad, y a Gersa\u00ed y Nataly, ambos de apellidos J. A.<\/p>\n\n\n\n<p>A falta de polic\u00edas municipales en la zona, los criminales pudieron huir de inmediato sin complicaciones.<\/p>\n","protected":false},"excerpt":{"rendered":"<p>Ismael Garc\u00eda M.\/Zona Roja. Foto: 50 Bravo Oaxaca de Ju\u00e1rez, Oax., 2 de febrero de&hellip;<\/p>\n","protected":false},"author":2,"featured_media":37115,"comment_status":"closed","ping_status":"open","sticky":false,"template":"","format":"standard","meta":{"_lmt_disableupdate":"","_lmt_disable":"","_jetpack_memberships_contains_paid_content":false,"footnotes":""},"categories":[109,51],"tags":[610],"class_list":["post-37114","post","type-post","status-publish","format-standard","has-post-thumbnail","hentry","category-minuto-a-minuto","category-zona-roja","tag-feminicidios-oaxaca"],"jetpack_featured_media_url":"https:\/\/zonaroja.com.mx\/wp-content\/uploads\/2022\/02\/Feminicidios-Juchitan-Oaxaca.jpg","jetpack_sharing_enabled":true,"_links":{"self":[{"href":"https:\/\/zonaroja.com.mx\/index.php?rest_route=\/wp\/v2\/posts\/37114","targetHints":{"allow":["GET"]}}],"collection":[{"href":"https:\/\/zonaroja.com.mx\/index.php?rest_route=\/wp\/v2\/posts"}],"about":[{"href":"https:\/\/zonaroja.com.mx\/index.php?rest_route=\/wp\/v2\/types\/post"}],"author":[{"embeddable":true,"href":"https:\/\/zonaroja.com.mx\/index.php?rest_route=\/wp\/v2\/users\/2"}],"replies":[{"embeddable":true,"href":"https:\/\/zonaroja.com.mx\/index.php?rest_route=%2Fwp%2Fv2%2Fcomments&post=37114"}],"version-history":[{"count":1,"href":"https:\/\/zonaroja.com.mx\/index.php?rest_route=\/wp\/v2\/posts\/37114\/revisions"}],"predecessor-version":[{"id":37116,"href":"https:\/\/zonaroja.com.mx\/index.php?rest_route=\/wp\/v2\/posts\/37114\/revisions\/37116"}],"wp:featuredmedia":[{"embeddable":true,"href":"https:\/\/zonaroja.com.mx\/index.php?rest_route=\/wp\/v2\/media\/37115"}],"wp:attachment":[{"href":"https:\/\/zonaroja.com.mx\/index.php?rest_route=%2Fwp%2Fv2%2Fmedia&parent=37114"}],"wp:term":[{"taxonomy":"category","embeddable":true,"href":"https:\/\/zonaroja.com.mx\/index.php?rest_route=%2Fwp%2Fv2%2Fcategories&post=37114"},{"taxonomy":"post_tag","embeddable":true,"href":"https:\/\/zonaroja.com.mx\/index.php?rest_route=%2Fwp%2Fv2%2Ftags&post=37114"}],"curies":[{"name":"wp","href":"https:\/\/api.w.org\/{rel}","templated":true}]}}