{"id":37117,"date":"2022-02-02T21:25:45","date_gmt":"2022-02-03T03:25:45","guid":{"rendered":"http:\/\/www.zonaroja.com.mx\/?p=37117"},"modified":"2022-02-02T21:28:40","modified_gmt":"2022-02-03T03:28:40","slug":"a-cuatro-anos-gobierno-aun-no-designa-integrantes-de-comite-de-atencion-a-victimas","status":"publish","type":"post","link":"https:\/\/zonaroja.com.mx\/?p=37117","title":{"rendered":"A cuatro a\u00f1os, gobierno a\u00fan no designa integrantes de Comit\u00e9 de Atenci\u00f3n a V\u00edctimas"},"content":{"rendered":"\n<p>Redacci\u00f3n\/Zona Roja.<\/p>\n\n\n\n<p>Oaxaca de Ju\u00e1rez, Oax. 2 de febrero de 2022.- El grupo parlamentario del Partido Morena, coordinado por la diputada Laura Estrada Mauro, present\u00f3 ante el pleno del Congreso local un punto de acuerdo por el que se exhorta al titular del Poder Ejecutivo del estado a enviar inmediatamente la terna para la designaci\u00f3n de quien estar\u00e1 al frente de la Comisi\u00f3n Ejecutiva Estatal de Atenci\u00f3n Integral a V\u00edctimas.<\/p>\n\n\n\n<p>Durante su intervenci\u00f3n, la tambi\u00e9n presidenta de la Junta de Coordinaci\u00f3n Pol\u00edtica (Jucopo), lament\u00f3 que durante cuatro a\u00f1os el Ejecutivo ha sido omiso en esta \u00e1rea al incumplir con el procedimiento para el nombramiento de la o el Comisionado.<\/p>\n\n\n\n<p>\u201cHacemos un llamado al Poder Ejecutivo para poner fin a cuatro a\u00f1os de omisi\u00f3n en materia de atenci\u00f3n a v\u00edctimas, cuatro a\u00f1os de omisi\u00f3n que hoy colocan a Oaxaca como una de las entidades federativas con los peores avances en la implementaci\u00f3n de los sistemas estatales al no contar con una Comisi\u00f3n Ejecutiva de Atenci\u00f3n Integral a V\u00edctimas\u201d, se\u00f1al\u00f3.<\/p>\n\n\n\n<p>Indic\u00f3 que este olvido refleja el abandono generalizado hacia las v\u00edctimas por parte del Ejecutivo, quienes al no contar con la Comisi\u00f3n mencionada, no reciben una atenci\u00f3n, asistencia, protecci\u00f3n, acceso a la justicia, a la verdad y a la reparaci\u00f3n integral adecuada.<\/p>\n\n\n\n<p>\u201cCon ausencia de una Comisi\u00f3n Ejecutiva, Oaxaca sencillamente no cuenta con fondos de reparaci\u00f3n, registro, base de datos, medidas de alojamiento, traslado, protecci\u00f3n, asesor\u00eda jur\u00eddica, y un sinf\u00edn de pol\u00edticas y mecanismos que desde hace cuatro a\u00f1os existen en la ley, pero que hasta el d\u00eda de hoy, no pueden ser una realidad\u201d, manifest\u00f3.<\/p>\n\n\n\n<figure class=\"wp-block-embed is-type-rich is-provider-twitter wp-block-embed-twitter\"><div class=\"wp-block-embed__wrapper\">\n<div class=\"twitter-tweet\"><blockquote class=\"twitter-tweet\" data-lang=\"es\"><p lang=\"es\" dir=\"ltr\"><a href=\"https:\/\/twitter.com\/hashtag\/%C3%9AltimoMinuto?src=hash&amp;ref_src=twsrc%5Etfw\">#\u00daltimoMinuto<\/a> <br>El pleno del <a href=\"https:\/\/twitter.com\/CongresoOaxaca_?ref_src=twsrc%5Etfw\">@CongresoOaxaca_<\/a> aprob\u00f3 hoy un exhorto presentado por la presidenta de la Jucopo, <a href=\"https:\/\/twitter.com\/LauraEstradaMau?ref_src=twsrc%5Etfw\">@LauraEstradaMau<\/a>, para exigir al Poder Ejecutivo conforme la Comisi\u00f3n Ejecutiva de Atenci\u00f3n a V\u00edctimas y haga las designaciones correspondientes. <a href=\"https:\/\/t.co\/hPh7NbTmsw\">pic.twitter.com\/hPh7NbTmsw<\/a><\/p>&mdash; Zona Roja Oaxaca (@Zona_Roja_Oax) <a href=\"https:\/\/twitter.com\/Zona_Roja_Oax\/status\/1488995526540468236?ref_src=twsrc%5Etfw\">2 de febrero de 2022<\/a><\/blockquote><\/div>\n<\/div><\/figure>\n\n\n\n<p>\u201cCu\u00e1ntas v\u00edctimas m\u00e1s tienen que seguir existiendo para que el poder p\u00fablico act\u00fae. Por eso hoy, las y los diputados de Morena alzamos la voz por las v\u00edctimas de nuestro estado. Desde el grupo parlamentario de Morena daremos seguimiento puntual a las acciones que deriven de este exhorto, y no descansaremos hasta que Oaxaca tenga una Comisi\u00f3n Ejecutiva de Atenci\u00f3n a V\u00edctimas, instalada y en funciones\u201d, refiri\u00f3 la legisladora.<\/p>\n\n\n\n<p>Al ser sometido de urgente y obvia resoluci\u00f3n, el punto de acuerdo fue aprobado por el pleno con 30 votos a favor.<\/p>\n\n\n\n<p>De acuerdo con los art\u00edculos 92 y 93 de la Ley de V\u00edctimas del Estado de Oaxaca, la elecci\u00f3n del Comisionado o Comisionada deber\u00e1 de ser con el voto de las dos terceras partes de los miembros del Congreso local, a partir de la terna enviada por el Ejecutivo estatal, misma que ser\u00e1 elaborada con previa consulta p\u00fablica a los colectivos de v\u00edctimas, expertos y organizaciones civiles expertas en el tema.<\/p>\n\n\n\n<p>Los requisitos para este cargo son el ser originario de Oaxaca, estar sin antecedentes penales o haber sido inhabilitado como servidor p\u00fablico, no haber desempe\u00f1ado alg\u00fan cargo directivo dentro de uno de los partidos pol\u00edticos dentro de los dos a\u00f1os previos a su designaci\u00f3n, asimismo deber\u00e1 de ser una prioridad el que haya ejercido actividades profesionales, acad\u00e9micas, de servicio p\u00fablico, o en sociedad civil relacionadas con la materia de esta ley.<\/p>\n\n\n\n<p>La o el Comisionado Ejecutivo estar\u00e1 en su cargo por un periodo de cinco a\u00f1os, sin posibilidad de reelecci\u00f3n, y durante su gesti\u00f3n, no podr\u00e1 ejercer otro empleo, cargo o comisi\u00f3n, salvo en instituciones docentes, cient\u00edficas o de beneficencia.<\/p>\n","protected":false},"excerpt":{"rendered":"<p>Redacci\u00f3n\/Zona Roja. Oaxaca de Ju\u00e1rez, Oax. 2 de febrero de 2022.- El grupo parlamentario del&hellip;<\/p>\n","protected":false},"author":2,"featured_media":37118,"comment_status":"closed","ping_status":"open","sticky":false,"template":"","format":"standard","meta":{"_lmt_disableupdate":"","_lmt_disable":"","_jetpack_memberships_contains_paid_content":false,"footnotes":""},"categories":[109,47],"tags":[],"class_list":["post-37117","post","type-post","status-publish","format-standard","has-post-thumbnail","hentry","category-minuto-a-minuto","category-zona-gris"],"jetpack_featured_media_url":"https:\/\/zonaroja.com.mx\/wp-content\/uploads\/2022\/02\/Laura-Estrada-Mauro-Comision-Victimas.jpeg","jetpack_sharing_enabled":true,"_links":{"self":[{"href":"https:\/\/zonaroja.com.mx\/index.php?rest_route=\/wp\/v2\/posts\/37117","targetHints":{"allow":["GET"]}}],"collection":[{"href":"https:\/\/zonaroja.com.mx\/index.php?rest_route=\/wp\/v2\/posts"}],"about":[{"href":"https:\/\/zonaroja.com.mx\/index.php?rest_route=\/wp\/v2\/types\/post"}],"author":[{"embeddable":true,"href":"https:\/\/zonaroja.com.mx\/index.php?rest_route=\/wp\/v2\/users\/2"}],"replies":[{"embeddable":true,"href":"https:\/\/zonaroja.com.mx\/index.php?rest_route=%2Fwp%2Fv2%2Fcomments&post=37117"}],"version-history":[{"count":2,"href":"https:\/\/zonaroja.com.mx\/index.php?rest_route=\/wp\/v2\/posts\/37117\/revisions"}],"predecessor-version":[{"id":37122,"href":"https:\/\/zonaroja.com.mx\/index.php?rest_route=\/wp\/v2\/posts\/37117\/revisions\/37122"}],"wp:featuredmedia":[{"embeddable":true,"href":"https:\/\/zonaroja.com.mx\/index.php?rest_route=\/wp\/v2\/media\/37118"}],"wp:attachment":[{"href":"https:\/\/zonaroja.com.mx\/index.php?rest_route=%2Fwp%2Fv2%2Fmedia&parent=37117"}],"wp:term":[{"taxonomy":"category","embeddable":true,"href":"https:\/\/zonaroja.com.mx\/index.php?rest_route=%2Fwp%2Fv2%2Fcategories&post=37117"},{"taxonomy":"post_tag","embeddable":true,"href":"https:\/\/zonaroja.com.mx\/index.php?rest_route=%2Fwp%2Fv2%2Ftags&post=37117"}],"curies":[{"name":"wp","href":"https:\/\/api.w.org\/{rel}","templated":true}]}}