{"id":37123,"date":"2022-02-02T22:08:21","date_gmt":"2022-02-03T04:08:21","guid":{"rendered":"http:\/\/www.zonaroja.com.mx\/?p=37123"},"modified":"2022-02-02T22:08:24","modified_gmt":"2022-02-03T04:08:24","slug":"se-extiende-paro-de-sindicalizados-en-salina-cruz-por-falta-de-pagos","status":"publish","type":"post","link":"https:\/\/zonaroja.com.mx\/?p=37123","title":{"rendered":"Se extiende paro de sindicalizados en Salina Cruz por falta de pagos"},"content":{"rendered":"\n<p>Yuridiana Sosa\/Zona Roja.<\/p>\n\n\n\n<p>Oaxaca de Ju\u00e1rez, Oax., 2 de febrero de 2022.- Por segundo d\u00eda consecutivo, sindicalizados del ayuntamiento de Salina Cruz, en la regi\u00f3n del Istmo, llevan a cabo un paro de labores para exigir al edil, Daniel M\u00e9ndez Sosa, de Morena, el pago a unos 80 trabajadores.<\/p>\n\n\n\n<p>La manifestaci\u00f3n la realizan de forma simult\u00e1nea los sindicatos \u201c3 de Marzo\u201d y \u201c4 de Abril\u201d, quienes primero programaron un paro de 24 horas para el martes, pero ante la falta de respuestas, durante este mi\u00e9rcoles extendieron su protesta con la \u201ctoma\u201d de la Casa de D\u00eda, ba\u00f1os p\u00fablicos y auditorio municipal, adem\u00e1s de permanecer en la sede del gobierno municipal en el edificio de Puerto Libre.<\/p>\n\n\n\n<p>M\u00e1s de 600 trabajadores se unieron para tambi\u00e9n demandar el reconocimiento de los trabajadores que fueron reinstalados en noviembre pasado, luego de un l\u00edo laboral ganado en la Junta de Conciliaci\u00f3n.<\/p>\n\n\n\n<p>\u201cLa 4T te qued\u00f3 grande Daniel M\u00e9ndez\u201d, \u201cexigimos el pago de las dos quincenas laboradas\u201d, \u201crespeto al contrato colectivo de trabajo\u201d, se lee en algunas de las cartulinas que colocaron en el edificio municipal.<\/p>\n\n\n\n<p>Mario Tr\u00e1paga, uno de los l\u00edderes sindicales, se\u00f1al\u00f3 que no se han logrado acuerdos y por el contrario, el presidente municipal ha mostrado una negativa, por lo que la base sindical decidi\u00f3 permanecer en su protesta.<\/p>\n\n\n\n<p>El paro de labores tiene como consecuencia la falta del servicio de recolecci\u00f3n de basura y limpia p\u00fablica, por lo que desde las primeras horas de este mi\u00e9rcoles se registr\u00f3 la acumulaci\u00f3n excesiva de desechos en diversas calles de este municipio.<\/p>\n\n\n\n<p>Esta es la tercera manifestaci\u00f3n que enfrenta la nueva autoridad por no pagar salarios, pues apenas el pasado 15 de enero se registr\u00f3 un paro de labores por parte del personal administrativo ante el incumplimiento de la primera quincena y el 17 de enero, por personal sindicalizado, quienes retuvieron al edil por varios minutos para tambi\u00e9n exigir su primer pago del a\u00f1o.<\/p>\n","protected":false},"excerpt":{"rendered":"<p>Yuridiana Sosa\/Zona Roja. Oaxaca de Ju\u00e1rez, Oax., 2 de febrero de 2022.- Por segundo d\u00eda&hellip;<\/p>\n","protected":false},"author":2,"featured_media":37124,"comment_status":"closed","ping_status":"open","sticky":false,"template":"","format":"standard","meta":{"_lmt_disableupdate":"","_lmt_disable":"","_jetpack_memberships_contains_paid_content":false,"footnotes":""},"categories":[109,47],"tags":[2738],"class_list":["post-37123","post","type-post","status-publish","format-standard","has-post-thumbnail","hentry","category-minuto-a-minuto","category-zona-gris","tag-daniel-mendez-sosa"],"jetpack_featured_media_url":"https:\/\/zonaroja.com.mx\/wp-content\/uploads\/2022\/02\/Paro-de-labores-Salina-Cruz.jpg","jetpack_sharing_enabled":true,"_links":{"self":[{"href":"https:\/\/zonaroja.com.mx\/index.php?rest_route=\/wp\/v2\/posts\/37123","targetHints":{"allow":["GET"]}}],"collection":[{"href":"https:\/\/zonaroja.com.mx\/index.php?rest_route=\/wp\/v2\/posts"}],"about":[{"href":"https:\/\/zonaroja.com.mx\/index.php?rest_route=\/wp\/v2\/types\/post"}],"author":[{"embeddable":true,"href":"https:\/\/zonaroja.com.mx\/index.php?rest_route=\/wp\/v2\/users\/2"}],"replies":[{"embeddable":true,"href":"https:\/\/zonaroja.com.mx\/index.php?rest_route=%2Fwp%2Fv2%2Fcomments&post=37123"}],"version-history":[{"count":1,"href":"https:\/\/zonaroja.com.mx\/index.php?rest_route=\/wp\/v2\/posts\/37123\/revisions"}],"predecessor-version":[{"id":37125,"href":"https:\/\/zonaroja.com.mx\/index.php?rest_route=\/wp\/v2\/posts\/37123\/revisions\/37125"}],"wp:featuredmedia":[{"embeddable":true,"href":"https:\/\/zonaroja.com.mx\/index.php?rest_route=\/wp\/v2\/media\/37124"}],"wp:attachment":[{"href":"https:\/\/zonaroja.com.mx\/index.php?rest_route=%2Fwp%2Fv2%2Fmedia&parent=37123"}],"wp:term":[{"taxonomy":"category","embeddable":true,"href":"https:\/\/zonaroja.com.mx\/index.php?rest_route=%2Fwp%2Fv2%2Fcategories&post=37123"},{"taxonomy":"post_tag","embeddable":true,"href":"https:\/\/zonaroja.com.mx\/index.php?rest_route=%2Fwp%2Fv2%2Ftags&post=37123"}],"curies":[{"name":"wp","href":"https:\/\/api.w.org\/{rel}","templated":true}]}}