{"id":37126,"date":"2022-02-02T22:12:20","date_gmt":"2022-02-03T04:12:20","guid":{"rendered":"http:\/\/www.zonaroja.com.mx\/?p=37126"},"modified":"2022-02-02T22:12:22","modified_gmt":"2022-02-03T04:12:22","slug":"culmina-reconstruccion-de-zona-danada-por-incendio-en-central-de-abasto","status":"publish","type":"post","link":"https:\/\/zonaroja.com.mx\/?p=37126","title":{"rendered":"Culmina reconstrucci\u00f3n de zona da\u00f1ada por incendio en Central de Abasto"},"content":{"rendered":"\n<p>Redacci\u00f3n\/Zona Roja.<\/p>\n\n\n\n<p>Oaxaca de Ju\u00e1rez, Oax. 2 de febrero de 2022. El gobernador Alejandro Murat Hinojosa entreg\u00f3 la reconstrucci\u00f3n de la zona de artesan\u00edas del principal centro comercial del estado y considerado uno de los m\u00e1s importantes de Latinoam\u00e9rica, la Central de Abasto \u201cMargarita Maza de Ju\u00e1rez\u201d.<\/p>\n\n\n\n<p>La obra requiri\u00f3 una inversi\u00f3n estatal de 49 millones de pesos para atender la zona afectada por los siniestros ocurridos el pasado 27 de mayo de 2020.&nbsp;<\/p>\n\n\n\n<p>Ante locatarias, locatarios y l\u00edderes de comerciantes, el gobernador destac\u00f3 que trabajando juntas y juntos se est\u00e1 logrando cambiar el rostro de Oaxaca.<\/p>\n\n\n\n<p>\u201cHoy estamos cumpliendo con la palabra empe\u00f1ada y estamos de fiesta con esta nueva obra que favorece al pueblo de Oaxaca, una Central de Abasto con decoro, a la altura de ustedes, las familias que trabajan aqu\u00ed\u201d, destac\u00f3 el gobernador al tiempo de dar a conocer que, en coordinaci\u00f3n con el Gobierno Federal, se invertir\u00e1n m\u00e1s de mil 300 millones de pesos para el mejoramiento integral de la zona sur de la ciudad.<\/p>\n\n\n\n<p>En su intervenci\u00f3n, el director del Instituto Oaxaque\u00f1o del Emprendedor y de la Competitividad (Iodemc), Rodrigo Arnaud Bello, se\u00f1al\u00f3 que esta obra beneficiar\u00e1 a 135 locatarios, ya que no solo se reconstruyeron los m\u00e1s de tres mil metros cuadrados que se vieron afectados por el incendio, sino que se realiz\u00f3 una obra de siete mil metros cuadrados beneficiando a comerciantes de los pasillos de las zonas aleda\u00f1as.<\/p>\n\n\n\n<p>Adem\u00e1s, refiri\u00f3 que estos trabajos se lograron gracias a la coordinaci\u00f3n con el municipio de Oaxaca de Ju\u00e1rez y las y los locatarios. \u201cEn la Central de Abasto se trabaja bien, hay gente trabajadora que hoy por fin podr\u00e1 regresar a sus espacios\u201d, dijo.<\/p>\n\n\n\n<p>Para la reconstrucci\u00f3n de la zona de artesan\u00edas, durante nueve meses se realizaron los trabajos de cimentaci\u00f3n, instalaci\u00f3n el\u00e9ctrica que comprende desmontajes e instalaci\u00f3n de alimentadores con interruptor, ductos, tableros y registros el\u00e9ctricos; as\u00ed como su ministro y colocaci\u00f3n de 188 luminarias, instalaci\u00f3n sanitaria y pluvial de mil 442.08ml entre las que destacan montajes, demoliciones, registros sanitarios y trampas de grasa.<\/p>\n\n\n\n<p>Adem\u00e1s de instalaci\u00f3n hidr\u00e1ulica de mil 496.05ml e instalaci\u00f3n de cisterna, trabajos de alba\u00f1iler\u00eda, estructura de cubierta, acabados que incluye pintura de esmalte en estructura met\u00e1lica; herrer\u00eda de casetas y cortinas met\u00e1licas, as\u00ed como acabados de pintura de esmalte en herrer\u00eda met\u00e1lica; trabajos de acabados consistente en se\u00f1alizaci\u00f3n de pl\u00e1stico estireno para ruta de evacuaci\u00f3n, salida de emergencia, alto voltaje y extintores; suministro y colocaci\u00f3n de extintores de di\u00f3xido de carbono.<\/p>\n\n\n\n<p>PALABRA CUMPLIDA<\/p>\n\n\n\n<p>En su oportunidad el presidente municipal de Oaxaca de Ju\u00e1rez, Francisco Mart\u00ednez Neri, destac\u00f3 que este mercado es considerado uno de los orgullos de Oaxaca, por lo que reconoci\u00f3 la labor del Gobernador para su preservaci\u00f3n. \u201cEs una palabra que hoy se cumple y cuando alguien cumple su palabra, merece su respeto\u201d, refiri\u00f3.<\/p>\n\n\n\n<p>As\u00ed tambi\u00e9n anunci\u00f3 que pr\u00f3ximamente se realizaran las tareas de ampliaci\u00f3n de los comedores en beneficio del orden, seguridad y bienestar de las y los locatarios, as\u00ed como de las personas que acuden a este lugar.<\/p>\n\n\n\n<p>Los trabajos de rehabilitaci\u00f3n de la zona de comedores forman parte del proyecto ejecutivo que el Instituto Oaxaque\u00f1o del Emprendedor y de la Competitividad (Iodemc) entreg\u00f3 el 28 de agosto del 2021 a la Secretar\u00eda de Desarrollo Urbano y Vivienda de la Sedatu tras la visita del subsecretario de Desarrollo Urbano y Vivienda de la Sedatu, Daniel Fajardo Ortiz, mismo que ser\u00e1 ejecutado con obra federal y que coordinar\u00e1 tambi\u00e9n el Municipio de Oaxaca de Ju\u00e1rez.<\/p>\n\n\n\n<p>Dicha obra se considera un proyecto de la m\u00e1s alta prioridad debido al mal estado de las instalaciones el\u00e9ctricas y la presencia de m\u00e1s de 150 tanques de gas estacionario en los comedores.<\/p>\n\n\n\n<p>En su intervenci\u00f3n, la locataria beneficiada con la nueva obra, Hilda Citlali Garc\u00eda P\u00e9rez, agradeci\u00f3 el apoyo del Gobernador para restaurar los espacios de las y los comerciantes y convertirlos en sitios adecuados, limpios, ordenados y seguros, as\u00ed como a quienes participaron en esta labor.<\/p>\n\n\n\n<p>A la entrega asistieron tambi\u00e9n, la presidenta de la Mesa Directiva del Congreso del Estado, Mariana Ben\u00edtez Tiburcio; el secretario de las Infraestructuras y el Ordenamiento Territorial Sustentable (SINFRA), Javier Lazcano Vargas y el secretario ejecutivo del Sistema Estatal de Seguridad P\u00fablica, Manuel Vera Salinas.<\/p>\n","protected":false},"excerpt":{"rendered":"<p>Redacci\u00f3n\/Zona Roja. Oaxaca de Ju\u00e1rez, Oax. 2 de febrero de 2022. El gobernador Alejandro Murat&hellip;<\/p>\n","protected":false},"author":2,"featured_media":37127,"comment_status":"closed","ping_status":"open","sticky":false,"template":"","format":"standard","meta":{"_lmt_disableupdate":"","_lmt_disable":"","_jetpack_memberships_contains_paid_content":false,"footnotes":""},"categories":[109,46],"tags":[173],"class_list":["post-37126","post","type-post","status-publish","format-standard","has-post-thumbnail","hentry","category-minuto-a-minuto","category-zona-blanca","tag-alejandro-murat-hinojosa"],"jetpack_featured_media_url":"https:\/\/zonaroja.com.mx\/wp-content\/uploads\/2022\/02\/AMH-CENTRAL-DE-ABASTO-4.jpeg","jetpack_sharing_enabled":true,"_links":{"self":[{"href":"https:\/\/zonaroja.com.mx\/index.php?rest_route=\/wp\/v2\/posts\/37126","targetHints":{"allow":["GET"]}}],"collection":[{"href":"https:\/\/zonaroja.com.mx\/index.php?rest_route=\/wp\/v2\/posts"}],"about":[{"href":"https:\/\/zonaroja.com.mx\/index.php?rest_route=\/wp\/v2\/types\/post"}],"author":[{"embeddable":true,"href":"https:\/\/zonaroja.com.mx\/index.php?rest_route=\/wp\/v2\/users\/2"}],"replies":[{"embeddable":true,"href":"https:\/\/zonaroja.com.mx\/index.php?rest_route=%2Fwp%2Fv2%2Fcomments&post=37126"}],"version-history":[{"count":1,"href":"https:\/\/zonaroja.com.mx\/index.php?rest_route=\/wp\/v2\/posts\/37126\/revisions"}],"predecessor-version":[{"id":37128,"href":"https:\/\/zonaroja.com.mx\/index.php?rest_route=\/wp\/v2\/posts\/37126\/revisions\/37128"}],"wp:featuredmedia":[{"embeddable":true,"href":"https:\/\/zonaroja.com.mx\/index.php?rest_route=\/wp\/v2\/media\/37127"}],"wp:attachment":[{"href":"https:\/\/zonaroja.com.mx\/index.php?rest_route=%2Fwp%2Fv2%2Fmedia&parent=37126"}],"wp:term":[{"taxonomy":"category","embeddable":true,"href":"https:\/\/zonaroja.com.mx\/index.php?rest_route=%2Fwp%2Fv2%2Fcategories&post=37126"},{"taxonomy":"post_tag","embeddable":true,"href":"https:\/\/zonaroja.com.mx\/index.php?rest_route=%2Fwp%2Fv2%2Ftags&post=37126"}],"curies":[{"name":"wp","href":"https:\/\/api.w.org\/{rel}","templated":true}]}}