{"id":37129,"date":"2022-02-02T22:21:55","date_gmt":"2022-02-03T04:21:55","guid":{"rendered":"http:\/\/www.zonaroja.com.mx\/?p=37129"},"modified":"2022-02-02T22:21:57","modified_gmt":"2022-02-03T04:21:57","slug":"no-da-tregua-el-covid-en-oaxaca-hoy-915-contagios-y-9-muertes","status":"publish","type":"post","link":"https:\/\/zonaroja.com.mx\/?p=37129","title":{"rendered":"No da tregua el Covid en Oaxaca: hoy 915 contagios y 9 muertes"},"content":{"rendered":"\n<p>Redacci\u00f3n\/Zona Roja.<\/p>\n\n\n\n<p>Oaxaca de Ju\u00e1rez, Oax. 02 de febrero de 2022.- Los casos activos de Covid-19 escalaron a seis mil 482 para este 2 de febrero, 57 m\u00e1s que el d\u00eda de ayer, estos se encuentran ubicados en 210 municipios de la entidad, con mayor incidencia en Valles Centrales, informaron los Servicios de Salud de Oaxaca (SSO).<\/p>\n\n\n\n<p>En el informe estatal de este mi\u00e9rcoles, suman ya 103 mil 38 las personas que han dado positivo al coronavirus, 915 son casos nuevos, as\u00ed como nueve fallecimientos m\u00e1s, para un total de cinco mil 773 muertes relacionadas a la enfermedad viral.<\/p>\n\n\n\n<p>Referente a las demarcaciones con mayor incidencia de contagios reportados en la \u00faltima jornada, se encuentran principalmente: Oaxaca de Ju\u00e1rez con 213 casos, San Juan Bautista Tuxtepec con 72, Santa Cruz Xoxocotl\u00e1n con 58 y con la misma cantidad Santa Mar\u00eda Huatulco, por mencionar algunos; para un total de 97 municipios con la presencia de positivos.<\/p>\n\n\n\n<p>Mientras que, en el rubro de hospitalizaciones, en las \u00faltimas 24 horas se ingresaron a nueve pacientes nuevos, para un total de 183 camas ocupadas, cifra que representa el 42.6% de saturaci\u00f3n hospitalaria global. El n\u00famero de centros m\u00e9dicos que se encuentran trabajando al 100% de saturaci\u00f3n se mantiene en 10.<\/p>\n\n\n\n<figure class=\"wp-block-embed is-type-rich is-provider-twitter wp-block-embed-twitter\"><div class=\"wp-block-embed__wrapper\">\n<div class=\"twitter-tweet\"><blockquote class=\"twitter-tweet\" data-lang=\"es\"><p lang=\"es\" dir=\"ltr\"><a href=\"https:\/\/twitter.com\/hashtag\/%C3%9AltimoMinuto?src=hash&amp;ref_src=twsrc%5Etfw\">#\u00daltimoMinuto<\/a><br>Registra <a href=\"https:\/\/twitter.com\/hashtag\/Oaxaca?src=hash&amp;ref_src=twsrc%5Etfw\">#Oaxaca<\/a> este mi\u00e9rcoles 915 casos positivos a Covid-19 y 9 defunciones.<br>Suman 103 mil 38 casos confirmados y 5 mil 773 decesos; adem\u00e1s, 6 mil 482 casos activos.<br>Hay 10 nosocomios saturados; ocupaci\u00f3n hospitalaria promedio de 42.6%. <a href=\"https:\/\/t.co\/LqWfJetjYR\">pic.twitter.com\/LqWfJetjYR<\/a><\/p>&mdash; Zona Roja Oaxaca (@Zona_Roja_Oax) <a href=\"https:\/\/twitter.com\/Zona_Roja_Oax\/status\/1489068994665627653?ref_src=twsrc%5Etfw\">3 de febrero de 2022<\/a><\/blockquote><\/div>\n<\/div><\/figure>\n\n\n\n<p>Confirmaron tambi\u00e9n que desde el pasado 14 de marzo del 2020 se han acumulado 187 mil 182 personas con s\u00edntomas relacionados a la enfermedad viral, 90 mil 783 pacientes se han recuperado, 77 mil 623 son negativos y seis mil 521 son sospechosos.<\/p>\n\n\n\n<p>Los casos positivos acumulados por Jurisdicci\u00f3n Sanitaria, se concentra principalmente en Valles Centrales con 61 mil 862 confirmados, tres mil 946 activos y dos mil 564 fallecimientos; el Istmo con 14 mil 707 positivos, mil 78 activos y mil 230 decesos; Tuxtepec con siete mil 889 casos, 628 activos y 580 muertes; Costa con siete mil 281 positivos, 421 activos y 481 muertes; Mixteca con siete mil 907 casos, 264 activos y 590 decesos; y en la Sierra con tres mil 392 confirmados, 145 activos y 328 fallecimientos.<\/p>\n\n\n\n<p>Esta dependencia precisa que la pandemia contin\u00faa siendo un riesgo para toda la poblaci\u00f3n, por lo que es importante usar adecuadamente el cubrebocas siempre al estar con otras personas que no vivan en el mismo hogar, evitar lugares aglomerados y poco ventilados, aplicar la sana distancia, as\u00ed como llevar a cabo las acciones de higiene en manos.<\/p>\n\n\n\n<p>(Comunicado)<\/p>\n","protected":false},"excerpt":{"rendered":"<p>Redacci\u00f3n\/Zona Roja. Oaxaca de Ju\u00e1rez, Oax. 02 de febrero de 2022.- Los casos activos de&hellip;<\/p>\n","protected":false},"author":2,"featured_media":37130,"comment_status":"closed","ping_status":"open","sticky":false,"template":"","format":"standard","meta":{"_lmt_disableupdate":"","_lmt_disable":"","_jetpack_memberships_contains_paid_content":false,"footnotes":""},"categories":[109,47],"tags":[1512],"class_list":["post-37129","post","type-post","status-publish","format-standard","has-post-thumbnail","hentry","category-minuto-a-minuto","category-zona-gris","tag-coronavirus-oaxaca"],"jetpack_featured_media_url":"https:\/\/zonaroja.com.mx\/wp-content\/uploads\/2022\/02\/02-de-febrero-de-2022.-Comunicado-Tecnico-COVID-19.jpg","jetpack_sharing_enabled":true,"_links":{"self":[{"href":"https:\/\/zonaroja.com.mx\/index.php?rest_route=\/wp\/v2\/posts\/37129","targetHints":{"allow":["GET"]}}],"collection":[{"href":"https:\/\/zonaroja.com.mx\/index.php?rest_route=\/wp\/v2\/posts"}],"about":[{"href":"https:\/\/zonaroja.com.mx\/index.php?rest_route=\/wp\/v2\/types\/post"}],"author":[{"embeddable":true,"href":"https:\/\/zonaroja.com.mx\/index.php?rest_route=\/wp\/v2\/users\/2"}],"replies":[{"embeddable":true,"href":"https:\/\/zonaroja.com.mx\/index.php?rest_route=%2Fwp%2Fv2%2Fcomments&post=37129"}],"version-history":[{"count":1,"href":"https:\/\/zonaroja.com.mx\/index.php?rest_route=\/wp\/v2\/posts\/37129\/revisions"}],"predecessor-version":[{"id":37131,"href":"https:\/\/zonaroja.com.mx\/index.php?rest_route=\/wp\/v2\/posts\/37129\/revisions\/37131"}],"wp:featuredmedia":[{"embeddable":true,"href":"https:\/\/zonaroja.com.mx\/index.php?rest_route=\/wp\/v2\/media\/37130"}],"wp:attachment":[{"href":"https:\/\/zonaroja.com.mx\/index.php?rest_route=%2Fwp%2Fv2%2Fmedia&parent=37129"}],"wp:term":[{"taxonomy":"category","embeddable":true,"href":"https:\/\/zonaroja.com.mx\/index.php?rest_route=%2Fwp%2Fv2%2Fcategories&post=37129"},{"taxonomy":"post_tag","embeddable":true,"href":"https:\/\/zonaroja.com.mx\/index.php?rest_route=%2Fwp%2Fv2%2Ftags&post=37129"}],"curies":[{"name":"wp","href":"https:\/\/api.w.org\/{rel}","templated":true}]}}