{"id":37132,"date":"2022-02-03T07:26:17","date_gmt":"2022-02-03T13:26:17","guid":{"rendered":"http:\/\/www.zonaroja.com.mx\/?p=37132"},"modified":"2022-02-03T07:26:21","modified_gmt":"2022-02-03T13:26:21","slug":"amlo-repunta-en-enero-aprobacion-en-oaxaca-baja-a-nivel-nacional","status":"publish","type":"post","link":"https:\/\/zonaroja.com.mx\/?p=37132","title":{"rendered":"AMLO repunta en enero aprobaci\u00f3n en Oaxaca; baja a nivel nacional"},"content":{"rendered":"\n<p>Yuridiana Sosa\/Zona Roja.<\/p>\n\n\n\n<p>Oaxaca de Ju\u00e1rez, Oax., 3 de febrero de 2022.- Oaxaca registr\u00f3 en enero de este a\u00f1o la puntuaci\u00f3n m\u00e1s alta en el transcurso de un a\u00f1o sobre su aprobaci\u00f3n al Presidente de M\u00e9xico, Andr\u00e9s Manuel L\u00f3pez Obrador, de acuerdo a la encuesta de Mitofsky.<\/p>\n\n\n\n<p>La aprobaci\u00f3n presidencial de L\u00f3pez Obrador en la entidad oaxaque\u00f1a alcanz\u00f3 el 81.7 por ciento, la m\u00e1s alta obtenida entre enero de 2021-2022, lo que posicion\u00f3 al estado en tercer lugar a nivel nacional; el primer lugar lo ocupa Quintana Roo con 84. 2 por ciento, seguido de Tabasco con 83 por ciento.<\/p>\n\n\n\n<p>Desde el trimestre de septiembre a noviembre de 2021 la entidad no registraba una aprobaci\u00f3n tan alta; en ese entonces sostuvo un promedio de 79 por ciento a favor del mandatario nacional.<\/p>\n\n\n\n<p>La aceptaci\u00f3n de L\u00f3pez Obrador creci\u00f3 en Oaxaca respecto a enero de 2021 cuando obtuvo 73 por ciento y sobre diciembre con 78 por ciento, lo que significa un crecimiento promedio de 3.3 por ciento en el transcurso de un mes, posicionando a esta entidad como la cuarta con mayor crecimiento en este periodo.<\/p>\n\n\n\n<p>En mayo y junio de 2021 se registr\u00f3 el promedio m\u00e1s bajo que Oaxaca le ofreci\u00f3 al presidente de M\u00e9xico, con una calificaci\u00f3n de 68 por ciento.<\/p>\n\n\n\n<p>DE PANZAZO<\/p>\n\n\n\n<p>En tanto, M\u00e9xico ofreci\u00f3 a Andr\u00e9s Manuel L\u00f3pez Obrador una calificaci\u00f3n promedio de aceptaci\u00f3n de 63.7 por ciento y 36.1 por ciento de desacuerdo durante enero de 2021, revel\u00f3 la encuesta de Mitofsky.<\/p>\n\n\n\n<p>En diciembre de 2021, el mandatario registr\u00f3 una aceptaci\u00f3n de 65.8 por ciento, lo que significa un descenso de dos puntos en el transcurso de un mes, pero en comparaci\u00f3n a enero de 2021, con 59.7 por ciento, creci\u00f3.<\/p>\n\n\n\n<p>Respecto a la \u201cpercepci\u00f3n de seguridad\u201d, el 41.4 por ciento dijo que es peor, el 24.6 mejor y el 30.2 por ciento tiene la percepci\u00f3n que sigue igual.<\/p>\n\n\n\n<p>Son los j\u00f3venes de entre 18 y 29 a\u00f1os los que ofrecen una mayor aprobaci\u00f3n, de 67.2; as\u00ed como son los ciudadanos con estudios de preparatoria y menos los que califican por encima de los que cuentan con estudios de universidad y m\u00e1s, con 69.3 y 42.1 por ciento respectivamente.<\/p>\n\n\n\n<p>En el caso de ocupaciones, los campesinos ofrecen una aprobaci\u00f3n de 85.8 por ciento, la cual creci\u00f3 en 2.1 por ciento respecto a diciembre; seguido de comerciantes con 67.5 por ciento y empleados, con 67.3 por ciento.<\/p>\n\n\n\n<p>Los que menos aprueban a L\u00f3pez Obrador son empresarios, quienes califican con una desaprobaci\u00f3n de 59.5 por ciento, le siguen profesionistas, con 56 por ciento y desempleados con 49 por ciento.<\/p>\n\n\n\n<p>QUE SIGA O QUE NO SIGA<\/p>\n\n\n\n<p>La encuesta Mitofsky indic\u00f3 que el 61.4 por ciento de la poblaci\u00f3n mexicana encuestada apunt\u00f3 que \u201cs\u00ed contin\u00fae\u201d con su mandato Andr\u00e9s Manuel L\u00f3pez Obrador, contra el 37.3 por ciento que dice \u201cno\u201d.<\/p>\n\n\n\n<p>Es el noroeste de M\u00e9xico el que mayor aceptaci\u00f3n arroj\u00f3, con 70.2 por ciento, para que el presidente siga su gobierno; despu\u00e9s, el Sureste con 68.5 por ciento, seguido por el Centro con 61.3 por ciento, mientras que el Noreste est\u00e1 a favor en un 57.8 por ciento y el Occidente en un 54.8 por ciento.<\/p>\n","protected":false},"excerpt":{"rendered":"<p>Yuridiana Sosa\/Zona Roja. Oaxaca de Ju\u00e1rez, Oax., 3 de febrero de 2022.- Oaxaca registr\u00f3 en&hellip;<\/p>\n","protected":false},"author":2,"featured_media":37135,"comment_status":"closed","ping_status":"open","sticky":false,"template":"","format":"standard","meta":{"_lmt_disableupdate":"","_lmt_disable":"","_jetpack_memberships_contains_paid_content":false,"footnotes":""},"categories":[109,46],"tags":[143],"class_list":["post-37132","post","type-post","status-publish","format-standard","has-post-thumbnail","hentry","category-minuto-a-minuto","category-zona-blanca","tag-andres-manuel-lopez-obrador"],"jetpack_featured_media_url":"https:\/\/zonaroja.com.mx\/wp-content\/uploads\/2022\/02\/Andres-Manuel-Lopez-Obrador.jpg","jetpack_sharing_enabled":true,"_links":{"self":[{"href":"https:\/\/zonaroja.com.mx\/index.php?rest_route=\/wp\/v2\/posts\/37132","targetHints":{"allow":["GET"]}}],"collection":[{"href":"https:\/\/zonaroja.com.mx\/index.php?rest_route=\/wp\/v2\/posts"}],"about":[{"href":"https:\/\/zonaroja.com.mx\/index.php?rest_route=\/wp\/v2\/types\/post"}],"author":[{"embeddable":true,"href":"https:\/\/zonaroja.com.mx\/index.php?rest_route=\/wp\/v2\/users\/2"}],"replies":[{"embeddable":true,"href":"https:\/\/zonaroja.com.mx\/index.php?rest_route=%2Fwp%2Fv2%2Fcomments&post=37132"}],"version-history":[{"count":1,"href":"https:\/\/zonaroja.com.mx\/index.php?rest_route=\/wp\/v2\/posts\/37132\/revisions"}],"predecessor-version":[{"id":37136,"href":"https:\/\/zonaroja.com.mx\/index.php?rest_route=\/wp\/v2\/posts\/37132\/revisions\/37136"}],"wp:featuredmedia":[{"embeddable":true,"href":"https:\/\/zonaroja.com.mx\/index.php?rest_route=\/wp\/v2\/media\/37135"}],"wp:attachment":[{"href":"https:\/\/zonaroja.com.mx\/index.php?rest_route=%2Fwp%2Fv2%2Fmedia&parent=37132"}],"wp:term":[{"taxonomy":"category","embeddable":true,"href":"https:\/\/zonaroja.com.mx\/index.php?rest_route=%2Fwp%2Fv2%2Fcategories&post=37132"},{"taxonomy":"post_tag","embeddable":true,"href":"https:\/\/zonaroja.com.mx\/index.php?rest_route=%2Fwp%2Fv2%2Ftags&post=37132"}],"curies":[{"name":"wp","href":"https:\/\/api.w.org\/{rel}","templated":true}]}}