{"id":37149,"date":"2022-02-03T15:41:04","date_gmt":"2022-02-03T21:41:04","guid":{"rendered":"http:\/\/www.zonaroja.com.mx\/?p=37149"},"modified":"2022-02-03T15:41:09","modified_gmt":"2022-02-03T21:41:09","slug":"ejecutan-a-6-personas-en-12-horas-en-juchitan-cinco-son-feminicidios","status":"publish","type":"post","link":"https:\/\/zonaroja.com.mx\/?p=37149","title":{"rendered":"Ejecutan a 6 personas en 12 horas en Juchit\u00e1n; cinco son feminicidios"},"content":{"rendered":"\n<p>Ismael Garc\u00eda M.\/Zona Roja. Foto: La Pluma Digital<\/p>\n\n\n\n<p>Oaxaca de Ju\u00e1rez, Oax., 3 de febrero de 2022.- Seis personas han sido asesinadas en un lapso de 12 horas en Juchit\u00e1n de Zaragoza, Oaxaca, de las cuales cinco son mujeres, que se indagan como femicidio.<\/p>\n\n\n\n<p>El m\u00e1s reciente hecho ocurri\u00f3 la ma\u00f1ana de este jueves 3 de febrero, en un domicilio ubicado en la calle Ignacio Zaragoza de la colonia Daniel L\u00f3pez Nelio, en la S\u00e9ptima Secci\u00f3n.<\/p>\n\n\n\n<p>Fue en la vivienda del polic\u00eda municipal Arturo S. O., en que sujetos armados ultimaron a tres mujeres, Mariana S. O. (hermana del uniformado), de 25 a\u00f1os de edad, Floricel S. J., de 21 a\u00f1os y Cinthia S. J., de 14 a\u00f1os de edad.<\/p>\n\n\n\n<p>Debido a la nula presencia de la polic\u00eda municipal en la zona, el grupo armado huy\u00f3 sin que nadie los persiguiera.<\/p>\n\n\n\n<p>A trav\u00e9s de sus redes sociales, la Fiscal\u00eda General del Estado de Oaxaca confirm\u00f3 que se trata del crimen de tres mujeres y que \u201crealiza las primeras indagatorias (bajo el protocolo ministerial, policial y pericial del delito de feminicidio en Oaxaca) luego de un ataque armado en el que perdieron la vida tres mujeres -una de ellas menor de edad-.<\/p>\n\n\n\n<p>\u201cLos hechos sucedieron este jueves en la S\u00e9ptima Secci\u00f3n del #Istmo de Tehuantepec, donde un equipo de investigadores y peritos labora para recabar informaci\u00f3n suficiente que permita dar con el paradero de los responsables para presentarlos ante la justicia\u201d.<\/p>\n\n\n\n<p>Apenas ayer por la tarde, ejecutaron a tres personas, madre e hijos, una de ellas mujer.<\/p>\n\n\n\n<figure class=\"wp-block-embed is-type-rich is-provider-twitter wp-block-embed-twitter\"><div class=\"wp-block-embed__wrapper\">\n<div class=\"twitter-tweet\"><blockquote class=\"twitter-tweet\" data-lang=\"es\"><p lang=\"es\" dir=\"ltr\">Los hechos sucedieron este jueves en la S\u00e9ptima Secci\u00f3n del <a href=\"https:\/\/twitter.com\/hashtag\/Istmo?src=hash&amp;ref_src=twsrc%5Etfw\">#Istmo<\/a> de Tehuantepec, donde un equipo de investigadores y peritos labora para recabar informaci\u00f3n suficiente que permita dar con el paradero de los responsables para presentarlos ante la justicia.<\/p>&mdash; Fiscal\u00eda General (@FISCALIA_GobOax) <a href=\"https:\/\/twitter.com\/FISCALIA_GobOax\/status\/1489321262061080576?ref_src=twsrc%5Etfw\">3 de febrero de 2022<\/a><\/blockquote><\/div>\n<\/div><\/figure>\n","protected":false},"excerpt":{"rendered":"<p>Ismael Garc\u00eda M.\/Zona Roja. Foto: La Pluma Digital Oaxaca de Ju\u00e1rez, Oax., 3 de febrero&hellip;<\/p>\n","protected":false},"author":2,"featured_media":37150,"comment_status":"closed","ping_status":"open","sticky":false,"template":"","format":"standard","meta":{"_lmt_disableupdate":"","_lmt_disable":"","_jetpack_memberships_contains_paid_content":false,"footnotes":""},"categories":[109,51],"tags":[610,123],"class_list":["post-37149","post","type-post","status-publish","format-standard","has-post-thumbnail","hentry","category-minuto-a-minuto","category-zona-roja","tag-feminicidios-oaxaca","tag-juchitan-de-zaragoza"],"jetpack_featured_media_url":"https:\/\/zonaroja.com.mx\/wp-content\/uploads\/2022\/02\/Triple-feminicidio-Juchitan.jpg","jetpack_sharing_enabled":true,"_links":{"self":[{"href":"https:\/\/zonaroja.com.mx\/index.php?rest_route=\/wp\/v2\/posts\/37149","targetHints":{"allow":["GET"]}}],"collection":[{"href":"https:\/\/zonaroja.com.mx\/index.php?rest_route=\/wp\/v2\/posts"}],"about":[{"href":"https:\/\/zonaroja.com.mx\/index.php?rest_route=\/wp\/v2\/types\/post"}],"author":[{"embeddable":true,"href":"https:\/\/zonaroja.com.mx\/index.php?rest_route=\/wp\/v2\/users\/2"}],"replies":[{"embeddable":true,"href":"https:\/\/zonaroja.com.mx\/index.php?rest_route=%2Fwp%2Fv2%2Fcomments&post=37149"}],"version-history":[{"count":1,"href":"https:\/\/zonaroja.com.mx\/index.php?rest_route=\/wp\/v2\/posts\/37149\/revisions"}],"predecessor-version":[{"id":37151,"href":"https:\/\/zonaroja.com.mx\/index.php?rest_route=\/wp\/v2\/posts\/37149\/revisions\/37151"}],"wp:featuredmedia":[{"embeddable":true,"href":"https:\/\/zonaroja.com.mx\/index.php?rest_route=\/wp\/v2\/media\/37150"}],"wp:attachment":[{"href":"https:\/\/zonaroja.com.mx\/index.php?rest_route=%2Fwp%2Fv2%2Fmedia&parent=37149"}],"wp:term":[{"taxonomy":"category","embeddable":true,"href":"https:\/\/zonaroja.com.mx\/index.php?rest_route=%2Fwp%2Fv2%2Fcategories&post=37149"},{"taxonomy":"post_tag","embeddable":true,"href":"https:\/\/zonaroja.com.mx\/index.php?rest_route=%2Fwp%2Fv2%2Ftags&post=37149"}],"curies":[{"name":"wp","href":"https:\/\/api.w.org\/{rel}","templated":true}]}}