{"id":37155,"date":"2022-02-04T10:35:00","date_gmt":"2022-02-04T16:35:00","guid":{"rendered":"http:\/\/www.zonaroja.com.mx\/?p=37155"},"modified":"2022-02-04T10:32:17","modified_gmt":"2022-02-04T16:32:17","slug":"sera-bershain-lopez-responsable-de-la-vinculacion-de-nao-con-sociedad","status":"publish","type":"post","link":"https:\/\/zonaroja.com.mx\/?p=37155","title":{"rendered":"Ser\u00e1 Bersha\u00edn L\u00f3pez responsable de la vinculaci\u00f3n de NAO con sociedad"},"content":{"rendered":"\n<p>Redacci\u00f3n\/Zona Roja.<\/p>\n\n\n\n<p>Oaxaca de Ju\u00e1rez, Oax., 4 de febrero de 2022.- Con la finalidad de realizar tareas de vinculaci\u00f3n entre los diferentes sectores de la poblaci\u00f3n y el Partido Nueva Alianza Oaxaca (NAO), Bersah\u00edn L\u00f3pez L\u00f3pez, present\u00f3 el martes su renuncia al cargo de presidente de la Comisi\u00f3n de Procesos Internos, para enfocarse de lleno a la promoci\u00f3n de la Plataforma Electoral desde el gabinete de operaci\u00f3n estatal de este partido.<\/p>\n\n\n\n<p>La decisi\u00f3n fue presentada ante los integrantes del Consejo Estatal de NAO, en la sesi\u00f3n ordinaria desarrollada la tarde de este martes, ante quienes reafirm\u00f3 su inter\u00e9s de continuar su tarea partidista desde otro espacio que permita ampliar las relaciones y el acercamiento del partido pol\u00edtico con los distintos grupos poblacionales a quienes es imprescindible escuchar en estos momentos de incertidumbre.<\/p>\n\n\n\n<p>\u201cNuestro proyecto pol\u00edtico no puede concebirse sin la participaci\u00f3n activa de la sociedad, somos responsables de construir no un partido de elecciones, sino la opci\u00f3n pol\u00edtica en la que las y los ciudadanos encuentren la empat\u00eda, el respaldo y el acompa\u00f1amiento en sus demandas de justicia\u201d, manifest\u00f3 L\u00f3pez L\u00f3pez.<\/p>\n\n\n\n<p>Subray\u00f3 que para el partido turquesa, el objetivo no son las campa\u00f1as, para Nueva Alianza, la prioridad es fortalecer un proyecto que a futuro se convierta en grupo de equilibrio en la naciente democracia de Oaxaca, afirm\u00f3.<\/p>\n\n\n\n<p>\u201cEn esta nueva ruta, caminar\u00e9 en Oaxaca para escuchar, dialogar y formar un frente com\u00fan con artesanos, empresarios, personas con discapacidad, de la tercera edad, mujeres y j\u00f3venes, entre otros, con la visi\u00f3n que requieren los nuevos tiempos para cambiar, de manera real, el rumbo de la pol\u00edtica hacia un ejercicio d\u00f3nde el ciudadano y sus aspiraciones de desarrollo, sea el eje de nuestras tareas\u201d, advirti\u00f3.<\/p>\n\n\n\n<p>Frente a la decisi\u00f3n de Bersah\u00edn L\u00f3pez, el Consejo Estatal de NAO determin\u00f3 aceptar su dimisi\u00f3n al cargo y proponer a un nuevo responsable, que ser\u00e1 elegido entre los liderazgos con que cuenta el partido.<\/p>\n","protected":false},"excerpt":{"rendered":"<p>Redacci\u00f3n\/Zona Roja. Oaxaca de Ju\u00e1rez, Oax., 4 de febrero de 2022.- Con la finalidad de&hellip;<\/p>\n","protected":false},"author":2,"featured_media":37156,"comment_status":"closed","ping_status":"open","sticky":false,"template":"","format":"standard","meta":{"_lmt_disableupdate":"","_lmt_disable":"","_jetpack_memberships_contains_paid_content":false,"footnotes":""},"categories":[109,46],"tags":[3003],"class_list":["post-37155","post","type-post","status-publish","format-standard","has-post-thumbnail","hentry","category-minuto-a-minuto","category-zona-blanca","tag-bersahin-lopez-lopez"],"jetpack_featured_media_url":"https:\/\/zonaroja.com.mx\/wp-content\/uploads\/2022\/02\/Bersahin-Lopez-Lopez.jpg","jetpack_sharing_enabled":true,"_links":{"self":[{"href":"https:\/\/zonaroja.com.mx\/index.php?rest_route=\/wp\/v2\/posts\/37155","targetHints":{"allow":["GET"]}}],"collection":[{"href":"https:\/\/zonaroja.com.mx\/index.php?rest_route=\/wp\/v2\/posts"}],"about":[{"href":"https:\/\/zonaroja.com.mx\/index.php?rest_route=\/wp\/v2\/types\/post"}],"author":[{"embeddable":true,"href":"https:\/\/zonaroja.com.mx\/index.php?rest_route=\/wp\/v2\/users\/2"}],"replies":[{"embeddable":true,"href":"https:\/\/zonaroja.com.mx\/index.php?rest_route=%2Fwp%2Fv2%2Fcomments&post=37155"}],"version-history":[{"count":2,"href":"https:\/\/zonaroja.com.mx\/index.php?rest_route=\/wp\/v2\/posts\/37155\/revisions"}],"predecessor-version":[{"id":37194,"href":"https:\/\/zonaroja.com.mx\/index.php?rest_route=\/wp\/v2\/posts\/37155\/revisions\/37194"}],"wp:featuredmedia":[{"embeddable":true,"href":"https:\/\/zonaroja.com.mx\/index.php?rest_route=\/wp\/v2\/media\/37156"}],"wp:attachment":[{"href":"https:\/\/zonaroja.com.mx\/index.php?rest_route=%2Fwp%2Fv2%2Fmedia&parent=37155"}],"wp:term":[{"taxonomy":"category","embeddable":true,"href":"https:\/\/zonaroja.com.mx\/index.php?rest_route=%2Fwp%2Fv2%2Fcategories&post=37155"},{"taxonomy":"post_tag","embeddable":true,"href":"https:\/\/zonaroja.com.mx\/index.php?rest_route=%2Fwp%2Fv2%2Ftags&post=37155"}],"curies":[{"name":"wp","href":"https:\/\/api.w.org\/{rel}","templated":true}]}}