{"id":37160,"date":"2022-02-03T19:20:57","date_gmt":"2022-02-04T01:20:57","guid":{"rendered":"http:\/\/www.zonaroja.com.mx\/?p=37160"},"modified":"2022-02-03T19:20:59","modified_gmt":"2022-02-04T01:20:59","slug":"registra-oaxaca-crecimiento-economico-en-tres-trimestres-consecutivos","status":"publish","type":"post","link":"https:\/\/zonaroja.com.mx\/?p=37160","title":{"rendered":"Registra Oaxaca crecimiento econ\u00f3mico en tres trimestres consecutivos"},"content":{"rendered":"\n<p>Redacci\u00f3n\/Zona Roja.<\/p>\n\n\n\n<p>Oaxaca de Ju\u00e1rez, Oax., 3 de febrero de 2021.- El Gobierno del Estado de Oaxaca report\u00f3 que, por primera vez en la historia, los indicadores muestran una tendencia de crecimiento sostenido debido a que se est\u00e1 creando una atm\u00f3sfera propicia para hacer negocios.<\/p>\n\n\n\n<p>\u201cSe trata de crear condiciones para que crezcan todas y todos, que las capacidades de las y los oaxaque\u00f1os de las ocho regiones puedan potenciarse y aprovecharse al m\u00e1ximo en la construcci\u00f3n de un mejor Oaxaca\u201d, expres\u00f3 el gobernador Alejandro Murat.<\/p>\n\n\n\n<p>Es as\u00ed que la autoridad estatal logr\u00f3 revertir la tendencia negativa del Producto Interno Bruto, que se ten\u00eda a\u00fan en 2018, a trav\u00e9s de la atracci\u00f3n de inversiones, el fortalecimiento de la industria local y el apoyo a los emprendedores.<\/p>\n\n\n\n<p>Gracias a la planeaci\u00f3n y al orden, a pesar de la pandemia se pudo mantener la continuidad en las operaciones de la mayor\u00eda de las empresas, contribuyendo a que Oaxaca fuera la entidad del pa\u00eds con mayor crecimiento en t\u00e9rminos anuales durante el \u00faltimo trimestre de 2020, con un incremento del 3.1%, de acuerdo a cifras del Inegi.<\/p>\n\n\n\n<p>Adem\u00e1s de ubicarse como una de las \u00fanicas tres entidades que han registrado un crecimiento en su indicador Trimestral de la Actividad Econ\u00f3mica Estatal, por tres trimestres consecutivos.<\/p>\n\n\n\n<p>\u201cLos indicadores dan cuenta de un crecimiento sostenido; es decir, no se trata de un golpe de suerte sino del resultado de un trabajo que hemos hecho desde muchos frentes: el combate a la pobreza, el desarrollo de infraestructura, la mejora de la conectividad, acciones que empoderan a nuestra poblaci\u00f3n para poder vivir a la altura de las riquezas de nuestro estado\u201d, se\u00f1al\u00f3 Murat Hinojosa.&nbsp;<\/p>\n\n\n\n<p>Tambi\u00e9n, de acuerdo con los resultados de la Encuesta Nacional del Empleo Nueva Edici\u00f3n, del Instituto Nacional de Estad\u00edstica y Geograf\u00eda (INEGI), la entidad cerr\u00f3 el 2021 con una tasa de ocupaci\u00f3n de la Poblaci\u00f3n Econ\u00f3micamente Activa (PEA) del 98.8 por ciento, la m\u00e1s alta del pa\u00eds.<\/p>\n\n\n\n<p>Y seg\u00fan los datos de m\u00e1s reciente publicaci\u00f3n del Instituto Mexicano del Seguro Social (IMSS), durante el mes de febrero de 2020, la entidad ocup\u00f3 el sexto lugar a nivel nacional en generaci\u00f3n de empleos formales en t\u00e9rminos anuales, con un alza de 3.2% respecto a febrero de 2019.<\/p>\n","protected":false},"excerpt":{"rendered":"<p>Redacci\u00f3n\/Zona Roja. Oaxaca de Ju\u00e1rez, Oax., 3 de febrero de 2021.- El Gobierno del Estado&hellip;<\/p>\n","protected":false},"author":2,"featured_media":37161,"comment_status":"closed","ping_status":"open","sticky":false,"template":"","format":"standard","meta":{"_lmt_disableupdate":"","_lmt_disable":"","_jetpack_memberships_contains_paid_content":false,"footnotes":""},"categories":[109,46],"tags":[173],"class_list":["post-37160","post","type-post","status-publish","format-standard","has-post-thumbnail","hentry","category-minuto-a-minuto","category-zona-blanca","tag-alejandro-murat-hinojosa"],"jetpack_featured_media_url":"https:\/\/zonaroja.com.mx\/wp-content\/uploads\/2022\/02\/Mezcal-maguey-Oaxaca-economia-crecimiento.jpeg","jetpack_sharing_enabled":true,"_links":{"self":[{"href":"https:\/\/zonaroja.com.mx\/index.php?rest_route=\/wp\/v2\/posts\/37160","targetHints":{"allow":["GET"]}}],"collection":[{"href":"https:\/\/zonaroja.com.mx\/index.php?rest_route=\/wp\/v2\/posts"}],"about":[{"href":"https:\/\/zonaroja.com.mx\/index.php?rest_route=\/wp\/v2\/types\/post"}],"author":[{"embeddable":true,"href":"https:\/\/zonaroja.com.mx\/index.php?rest_route=\/wp\/v2\/users\/2"}],"replies":[{"embeddable":true,"href":"https:\/\/zonaroja.com.mx\/index.php?rest_route=%2Fwp%2Fv2%2Fcomments&post=37160"}],"version-history":[{"count":1,"href":"https:\/\/zonaroja.com.mx\/index.php?rest_route=\/wp\/v2\/posts\/37160\/revisions"}],"predecessor-version":[{"id":37162,"href":"https:\/\/zonaroja.com.mx\/index.php?rest_route=\/wp\/v2\/posts\/37160\/revisions\/37162"}],"wp:featuredmedia":[{"embeddable":true,"href":"https:\/\/zonaroja.com.mx\/index.php?rest_route=\/wp\/v2\/media\/37161"}],"wp:attachment":[{"href":"https:\/\/zonaroja.com.mx\/index.php?rest_route=%2Fwp%2Fv2%2Fmedia&parent=37160"}],"wp:term":[{"taxonomy":"category","embeddable":true,"href":"https:\/\/zonaroja.com.mx\/index.php?rest_route=%2Fwp%2Fv2%2Fcategories&post=37160"},{"taxonomy":"post_tag","embeddable":true,"href":"https:\/\/zonaroja.com.mx\/index.php?rest_route=%2Fwp%2Fv2%2Ftags&post=37160"}],"curies":[{"name":"wp","href":"https:\/\/api.w.org\/{rel}","templated":true}]}}