{"id":37165,"date":"2022-02-03T21:19:53","date_gmt":"2022-02-04T03:19:53","guid":{"rendered":"http:\/\/www.zonaroja.com.mx\/?p=37165"},"modified":"2022-02-03T21:19:55","modified_gmt":"2022-02-04T03:19:55","slug":"si-partirse-su-madre-quieren-orale-pues-ambulantes-y-locatarios","status":"publish","type":"post","link":"https:\/\/zonaroja.com.mx\/?p=37165","title":{"rendered":"\u201c\u00a1Si partirse su madre quieren, \u00f3rale, pues!\u201d:&nbsp; ambulantes y locatarios"},"content":{"rendered":"\n<p>Yuridiana Sosa\/Zona Roja.<\/p>\n\n\n\n<p>Oaxaca de Ju\u00e1rez, Oax., 3 de febrero de 2021.- Las calles del Centro Hist\u00f3rico de Oaxaca capital se convirtieron en un ring, este jueves.<\/p>\n\n\n\n<p>Cuarto d\u00eda de operativo policiaco contra el comercio informal, implementado por el gobierno morenista de Francisco Mart\u00ednez Neri, igual que su antecesor y compa\u00f1ero de partido, Oswaldo Garc\u00eda Jarqu\u00edn.<\/p>\n\n\n\n<p>Alrededor de las 11:00 horas, uniformados e inspectores intentaron reordenar el comercio ambulante en la calle de Aldama. Ah\u00ed comenz\u00f3 el primer enojo.<\/p>\n\n\n\n<p>Los ambulantes se resist\u00edan a ser reubicados o de reducirles los espacios, por lo que la autoridad municipal opt\u00f3 por replegarse.<\/p>\n\n\n\n<p>Pero entonces el calor del mediod\u00eda encendi\u00f3 los \u00e1nimos de locatarios del mercado \u201cBenito Ju\u00e1rez\u201d contra ambulantes.<\/p>\n\n\n\n<p>Estos pretend\u00edan salir en marcha hacia la sede del ayuntamiento, pero vinieron los conatos.<\/p>\n\n\n\n<figure class=\"wp-block-embed is-type-rich is-provider-twitter wp-block-embed-twitter\"><div class=\"wp-block-embed__wrapper\">\n<div class=\"twitter-tweet\"><blockquote class=\"twitter-tweet\" data-lang=\"es\"><p lang=\"es\" dir=\"ltr\"><a href=\"https:\/\/twitter.com\/hashtag\/%C3%9AltimoMinuto?src=hash&amp;ref_src=twsrc%5Etfw\">#\u00daltimoMinuto<\/a> <br>Entre inconformidades y reclamos de ambulantes, contin\u00faa el reordenamiento, con operativo policiaco, de vendedores informales en la ciudad de Oaxaca. <br>El <a href=\"https:\/\/twitter.com\/MunicipioOaxaca?ref_src=twsrc%5Etfw\">@MunicipioOaxaca<\/a> que preside el edil <a href=\"https:\/\/twitter.com\/FMartinezNeri?ref_src=twsrc%5Etfw\">@FMartinezNeri<\/a>, opta por seguir dejando los puestos en la calle Aldama. <a href=\"https:\/\/t.co\/xnpSnVpMDP\">pic.twitter.com\/xnpSnVpMDP<\/a><\/p>&mdash; Zona Roja Oaxaca (@Zona_Roja_Oax) <a href=\"https:\/\/twitter.com\/Zona_Roja_Oax\/status\/1489283310991912975?ref_src=twsrc%5Etfw\">3 de febrero de 2022<\/a><\/blockquote><\/div>\n<\/div><\/figure>\n\n\n\n<p>En la esquina de Trujano y Flores Mag\u00f3n, el comercio establecido; en la esquina de Trujano y 20 de Noviembre, los ambulantes de Carmela Luj\u00e1n. El r\u00e9feri, la Polic\u00eda Municipal de la capital.<\/p>\n\n\n\n<p>La defensa de los espacios en la v\u00eda p\u00fablica en el Centro Hist\u00f3rico fue el motivo una vez m\u00e1s para que los vendedores se enfrentaran de palabra, unos porque quieren calles libres y otros porque quieren ocuparlas.<\/p>\n\n\n\n<p>&#8211;\u00bfMe va a dar de comer, d\u00edgame, me va a dar de comer? &#8211;reclam\u00f3 una vendedora informal frente al numeroso grupo de locatarios del mercado, de donde se escucharon algunas expresiones de burla y deseo por el retiro de su puesto.<\/p>\n\n\n\n<p>&#8211;\u00bfEn qu\u00e9 le perjudicamos? &#8211;Cuestion\u00f3 la mujer a una de las locatarias que insist\u00eda en su benepl\u00e1cito por el desalojo, al tiempo que otros s\u00f3lo recalcaron que lo justo era moverse de zona, a un lugar donde se permita su instalaci\u00f3n, pues est\u00e1n hartos de la invasi\u00f3n de calles.<\/p>\n\n\n\n<p>El encuentro, justificado en un recorrido pac\u00edfico por parte de los mercaderes, se intensific\u00f3 ante el abrupto arribo de un grupo de ambulantes liderados por Carmela Lujan.<\/p>\n\n\n\n<p>Con palos y enardecidos, los informales encararon a los locatarios.<\/p>\n\n\n\n<p>&#8211;\u00a1A chingar a su madre! \u00a1\u00d3rale, \u00f3rale! Sentenci\u00f3 y ret\u00f3 con rabia una de las l\u00edderes del grupo a quien los uniformados y su compa\u00f1era de gremio, Carmela, apenas lograron contener para evitar un enfrentamiento a golpe.<\/p>\n\n\n\n<figure class=\"wp-block-embed is-type-rich is-provider-twitter wp-block-embed-twitter\"><div class=\"wp-block-embed__wrapper\">\n<div class=\"twitter-tweet\"><blockquote class=\"twitter-tweet\" data-lang=\"es\"><p lang=\"es\" dir=\"ltr\">\u201c\u00a1A chingar a su madre! \u00a1Vayan a chingar a su madre!\u201d<br>El operativo policiaco por cuarto d\u00eda del <a href=\"https:\/\/twitter.com\/MunicipioOaxaca?ref_src=twsrc%5Etfw\">@MunicipioOaxaca<\/a> que preside <a href=\"https:\/\/twitter.com\/FMartinezNeri?ref_src=twsrc%5Etfw\">@FMartinezNeri<\/a>, deriv\u00f3 hoy en confrontaci\u00f3n entre ambulantes y comerciantes fijos; recula ayuntamiento en la medida. <br>Video: <a href=\"https:\/\/twitter.com\/AranzaRenero?ref_src=twsrc%5Etfw\">@AranzaRenero<\/a>. <a href=\"https:\/\/t.co\/KdkAztE8Bv\">pic.twitter.com\/KdkAztE8Bv<\/a><\/p>&mdash; Zona Roja Oaxaca (@Zona_Roja_Oax) <a href=\"https:\/\/twitter.com\/Zona_Roja_Oax\/status\/1489346593614565378?ref_src=twsrc%5Etfw\">3 de febrero de 2022<\/a><\/blockquote><\/div>\n<\/div><\/figure>\n\n\n\n<p>Pero insist\u00eda en su disputa.<\/p>\n\n\n\n<p>&#8211;\u00a1Si partirse su madre quieren, \u00f3rale pues!<\/p>\n\n\n\n<p>-Es lo que quieren, que caigamos en el enfrentamiento &#8211;apunt\u00f3 Carmela Lujan para calmar a su compa\u00f1era, al tiempo que los elementos reforzaron una valla humana para evitar que el encuentro llegara a los golpes.<\/p>\n\n\n\n<p>Los locatarios se replegaron algunos metros y una vez que se retir\u00f3 el grupo adversario volvieron al mercado.<\/p>\n\n\n\n<p>Minutos despu\u00e9s, comerciantes establecidos apuntaron que han recibido amenazas de dirigentes ambulantes e insistieron que como ciudadanos lo \u00fanico que desean es el beneficio para la ciudad, la cual desde hace varios a\u00f1os ha perdido su esplendor, libertad y seguridad a consecuencia de la invasi\u00f3n de ambulantes.<\/p>\n\n\n\n<p>En tanto, la autoridad municipal opt\u00f3 por dejar por la paz el reordenamiento temporal\u2026 y dejar que los ambulantes sigan a sus anchas en las calles.<\/p>\n","protected":false},"excerpt":{"rendered":"<p>Yuridiana Sosa\/Zona Roja. Oaxaca de Ju\u00e1rez, Oax., 3 de febrero de 2021.- Las calles del&hellip;<\/p>\n","protected":false},"author":2,"featured_media":37166,"comment_status":"closed","ping_status":"open","sticky":false,"template":"","format":"standard","meta":{"_lmt_disableupdate":"","_lmt_disable":"","_jetpack_memberships_contains_paid_content":false,"footnotes":""},"categories":[109,47],"tags":[148],"class_list":["post-37165","post","type-post","status-publish","format-standard","has-post-thumbnail","hentry","category-minuto-a-minuto","category-zona-gris","tag-oaxaca-de-juarez"],"jetpack_featured_media_url":"https:\/\/zonaroja.com.mx\/wp-content\/uploads\/2022\/02\/Comerciantes-ambulantes-ciudad-de-Oaxaca.jpg","jetpack_sharing_enabled":true,"_links":{"self":[{"href":"https:\/\/zonaroja.com.mx\/index.php?rest_route=\/wp\/v2\/posts\/37165","targetHints":{"allow":["GET"]}}],"collection":[{"href":"https:\/\/zonaroja.com.mx\/index.php?rest_route=\/wp\/v2\/posts"}],"about":[{"href":"https:\/\/zonaroja.com.mx\/index.php?rest_route=\/wp\/v2\/types\/post"}],"author":[{"embeddable":true,"href":"https:\/\/zonaroja.com.mx\/index.php?rest_route=\/wp\/v2\/users\/2"}],"replies":[{"embeddable":true,"href":"https:\/\/zonaroja.com.mx\/index.php?rest_route=%2Fwp%2Fv2%2Fcomments&post=37165"}],"version-history":[{"count":1,"href":"https:\/\/zonaroja.com.mx\/index.php?rest_route=\/wp\/v2\/posts\/37165\/revisions"}],"predecessor-version":[{"id":37167,"href":"https:\/\/zonaroja.com.mx\/index.php?rest_route=\/wp\/v2\/posts\/37165\/revisions\/37167"}],"wp:featuredmedia":[{"embeddable":true,"href":"https:\/\/zonaroja.com.mx\/index.php?rest_route=\/wp\/v2\/media\/37166"}],"wp:attachment":[{"href":"https:\/\/zonaroja.com.mx\/index.php?rest_route=%2Fwp%2Fv2%2Fmedia&parent=37165"}],"wp:term":[{"taxonomy":"category","embeddable":true,"href":"https:\/\/zonaroja.com.mx\/index.php?rest_route=%2Fwp%2Fv2%2Fcategories&post=37165"},{"taxonomy":"post_tag","embeddable":true,"href":"https:\/\/zonaroja.com.mx\/index.php?rest_route=%2Fwp%2Fv2%2Ftags&post=37165"}],"curies":[{"name":"wp","href":"https:\/\/api.w.org\/{rel}","templated":true}]}}