{"id":37168,"date":"2022-02-03T22:17:21","date_gmt":"2022-02-04T04:17:21","guid":{"rendered":"http:\/\/www.zonaroja.com.mx\/?p=37168"},"modified":"2022-02-03T22:17:23","modified_gmt":"2022-02-04T04:17:23","slug":"no-bajare-la-guardia-seguire-la-lucha-por-hacer-valer-la-igualdad-sustantiva","status":"publish","type":"post","link":"https:\/\/zonaroja.com.mx\/?p=37168","title":{"rendered":"\u201cNo bajar\u00e9 la guardia; seguir\u00e9 la lucha por hacer valer la igualdad sustantiva\u201d"},"content":{"rendered":"\n<p>Redacci\u00f3n\/Zona Roja.<\/p>\n\n\n\n<p>Oaxaca de Ju\u00e1rez, Oax., 3 de febrero de 2021.- La aspirante a la candidatura de Morena a la gubernatura de Oaxaca, Susana Harp Iturribarr\u00eda, asegur\u00f3 que no bajar\u00e1 la guardia y continuar\u00e1 su lucha por hacer valer la igualdad sustantiva en Oaxaca.<\/p>\n\n\n\n<p>Lo anterior, con el fin de que jur\u00eddicamente se establezca, por parte de los tribunales, sobre c\u00f3mo aplicar criterios de selecci\u00f3n a favor de las mujeres.<\/p>\n\n\n\n<p>Anunci\u00f3 que seguir\u00e1 insistiendo en sus argumentos hasta que las instancias legales de su partido revisen los criterios de paridad de g\u00e9nero implementados durante el proceso interno de selecci\u00f3n.<\/p>\n\n\n\n<p>La legisladora lament\u00f3 el reciente fallo, a todas luces violatorio a la ley electoral de Oaxaca, dictado por el Tribunal Estatal Electoral de Oaxaca sobre su impugnaci\u00f3n presentada sobre una parte del proceso que est\u00e1 en curso.<\/p>\n\n\n\n<p>Sin embargo, todos nuestros argumentos y pruebas las est\u00e1n analizando la m\u00e1xima instancia de justicia electoral, dijo.<\/p>\n\n\n\n<p>En entrevista virtual concedida al periodista, Julio Hern\u00e1ndez L\u00f3pez (\u201cJulio Astillero\u201d) , la senadora fue enf\u00e1tica al afirmar que est\u00e1 lista para reanudar sus actividades proselitistas,&nbsp; en caso de que los&nbsp; resultados&nbsp; de la impugnaci\u00f3n, ante&nbsp; la Sala Superior del Tribunal Electoral del Poder Judicial de la Federaci\u00f3n (TEPJF), le otorguen la raz\u00f3n jur\u00eddica.<\/p>\n\n\n\n<p>\u201cNunca hemos bajado la guardia; continuar\u00e9 dando resultados a favor de Oaxaca desde el Senado de la Rep\u00fablica, como lo he hecho desde hace m\u00e1s de tres a\u00f1os\u201d, respondi\u00f3 la congresista.<\/p>\n\n\n\n<p>Harp Iturribarr\u00eda confi\u00f3 en que los magistrados del Tribunal Electoral del Poder Judicial de la Federaci\u00f3n (TEPJF), vayan al fondo del asunto y quede perfectamente claro, lo que s\u00ed es la paridad de g\u00e9nero con igualdad sustantiva y se aclare a los partidos c\u00f3mo deben aplicar estos criterios de selecci\u00f3n entre quienes aspiran a un cargo de representaci\u00f3n popular.<\/p>\n\n\n\n<p>\u201cTenemos que llegar hasta el final y siempre va a ser para bien, porque no lo estamos haciendo con dolo, no lo estamos haciendo fuera de la ley, as\u00ed es que tienen que llegar cosas buenas para Oaxaca, en este proceso de transformaci\u00f3n que impulsa el gobierno de M\u00e9xico\u00bb, a\u00f1adi\u00f3.<\/p>\n\n\n\n<p>Finalmente, Susana Harp, dijo que se siente muy contenta por lo que ha logrado desde la m\u00fasica y desde su activismo cultural, as\u00ed como agradecida con todas y todos los que apoyan su lucha, por lo que continuar\u00e1 hasta el final, tope con lo que tope, para defender lo que es justo para las y los oaxaque\u00f1os.<\/p>\n","protected":false},"excerpt":{"rendered":"<p>Redacci\u00f3n\/Zona Roja. Oaxaca de Ju\u00e1rez, Oax., 3 de febrero de 2021.- La aspirante a la&hellip;<\/p>\n","protected":false},"author":2,"featured_media":37169,"comment_status":"closed","ping_status":"open","sticky":false,"template":"","format":"standard","meta":{"_lmt_disableupdate":"","_lmt_disable":"","_jetpack_memberships_contains_paid_content":false,"footnotes":""},"categories":[109,47],"tags":[1685],"class_list":["post-37168","post","type-post","status-publish","format-standard","has-post-thumbnail","hentry","category-minuto-a-minuto","category-zona-gris","tag-susana-harp-iturribarria"],"jetpack_featured_media_url":"https:\/\/zonaroja.com.mx\/wp-content\/uploads\/2022\/02\/Susana-Harp-Iturribarria.jpg","jetpack_sharing_enabled":true,"_links":{"self":[{"href":"https:\/\/zonaroja.com.mx\/index.php?rest_route=\/wp\/v2\/posts\/37168","targetHints":{"allow":["GET"]}}],"collection":[{"href":"https:\/\/zonaroja.com.mx\/index.php?rest_route=\/wp\/v2\/posts"}],"about":[{"href":"https:\/\/zonaroja.com.mx\/index.php?rest_route=\/wp\/v2\/types\/post"}],"author":[{"embeddable":true,"href":"https:\/\/zonaroja.com.mx\/index.php?rest_route=\/wp\/v2\/users\/2"}],"replies":[{"embeddable":true,"href":"https:\/\/zonaroja.com.mx\/index.php?rest_route=%2Fwp%2Fv2%2Fcomments&post=37168"}],"version-history":[{"count":1,"href":"https:\/\/zonaroja.com.mx\/index.php?rest_route=\/wp\/v2\/posts\/37168\/revisions"}],"predecessor-version":[{"id":37170,"href":"https:\/\/zonaroja.com.mx\/index.php?rest_route=\/wp\/v2\/posts\/37168\/revisions\/37170"}],"wp:featuredmedia":[{"embeddable":true,"href":"https:\/\/zonaroja.com.mx\/index.php?rest_route=\/wp\/v2\/media\/37169"}],"wp:attachment":[{"href":"https:\/\/zonaroja.com.mx\/index.php?rest_route=%2Fwp%2Fv2%2Fmedia&parent=37168"}],"wp:term":[{"taxonomy":"category","embeddable":true,"href":"https:\/\/zonaroja.com.mx\/index.php?rest_route=%2Fwp%2Fv2%2Fcategories&post=37168"},{"taxonomy":"post_tag","embeddable":true,"href":"https:\/\/zonaroja.com.mx\/index.php?rest_route=%2Fwp%2Fv2%2Ftags&post=37168"}],"curies":[{"name":"wp","href":"https:\/\/api.w.org\/{rel}","templated":true}]}}